{"id":10095,"date":"2023-04-24T23:01:04","date_gmt":"2023-04-24T21:01:04","guid":{"rendered":"https:\/\/lyceemauriac.fr\/?p=10095"},"modified":"2023-05-04T09:23:38","modified_gmt":"2023-05-04T07:23:38","slug":"voyage-en-espagne-des-1eres-et-terminales-euro-espagnol","status":"publish","type":"post","link":"https:\/\/lyceemauriac.fr\/index.php\/2023\/04\/24\/voyage-en-espagne-des-1eres-et-terminales-euro-espagnol\/","title":{"rendered":"Voyage en Espagne des 1\u00e8res et terminales euro espagnol!"},"content":{"rendered":"\r\n<h2>D\u00eda 1: el viaje hacia Alcal\u00e1 de Henares<\/h2>\r\n\r\n\r\n\r\n<p>Apr\u00e8s un d\u00e9part du lyc\u00e9e vers 9h15, les \u00e9l\u00e8ves et leurs professeurs ont fait bonne route vers Alcal\u00e1 de Henares dans la Communaut\u00e9 de Madrid.\u00a0 Apr\u00e8s quelques pauses et un trajet dans la bonne humeur, ils ont \u00e9t\u00e9 accueillis chaleureusement par les familles espagnoles qui les h\u00e9bergeront cette semaine \u00e0 20h00.\u00a0 Ils vont pouvoir d\u00e9couvrir la gastronomie espagnole et se reposer pour la suite de leurs aventures \u00e0 Madrid&#8230;<\/p>\r\n<p>&nbsp;<\/p>\r\n<p><a href=\"https:\/\/lyceemauriac.fr\/wp-content\/uploads\/2023\/04\/IMG-20230424-WA0009.jpg\"><img loading=\"lazy\" decoding=\"async\" class=\"aligncenter size-full wp-image-10091\" src=\"https:\/\/lyceemauriac.fr\/wp-content\/uploads\/2023\/04\/IMG-20230424-WA0009.jpg\" alt=\"\" width=\"1600\" height=\"900\" srcset=\"https:\/\/lyceemauriac.fr\/wp-content\/uploads\/2023\/04\/IMG-20230424-WA0009.jpg 1600w, https:\/\/lyceemauriac.fr\/wp-content\/uploads\/2023\/04\/IMG-20230424-WA0009-200x113.jpg 200w, https:\/\/lyceemauriac.fr\/wp-content\/uploads\/2023\/04\/IMG-20230424-WA0009-1024x576.jpg 1024w, https:\/\/lyceemauriac.fr\/wp-content\/uploads\/2023\/04\/IMG-20230424-WA0009-768x432.jpg 768w, https:\/\/lyceemauriac.fr\/wp-content\/uploads\/2023\/04\/IMG-20230424-WA0009-1536x864.jpg 1536w, https:\/\/lyceemauriac.fr\/wp-content\/uploads\/2023\/04\/IMG-20230424-WA0009-370x208.jpg 370w\" sizes=\"auto, (max-width: 1600px) 100vw, 1600px\" \/><\/a> Le grand d\u00e9part <a href=\"https:\/\/lyceemauriac.fr\/wp-content\/uploads\/2023\/04\/IMG_20230424_090131_HDR-scaled.jpg\"><img loading=\"lazy\" decoding=\"async\" class=\"aligncenter size-full wp-image-10094\" src=\"https:\/\/lyceemauriac.fr\/wp-content\/uploads\/2023\/04\/IMG_20230424_090131_HDR-scaled.jpg\" alt=\"\" width=\"2560\" height=\"1898\" srcset=\"https:\/\/lyceemauriac.fr\/wp-content\/uploads\/2023\/04\/IMG_20230424_090131_HDR-scaled.jpg 2560w, https:\/\/lyceemauriac.fr\/wp-content\/uploads\/2023\/04\/IMG_20230424_090131_HDR-200x148.jpg 200w, https:\/\/lyceemauriac.fr\/wp-content\/uploads\/2023\/04\/IMG_20230424_090131_HDR-1024x759.jpg 1024w, https:\/\/lyceemauriac.fr\/wp-content\/uploads\/2023\/04\/IMG_20230424_090131_HDR-768x569.jpg 768w, https:\/\/lyceemauriac.fr\/wp-content\/uploads\/2023\/04\/IMG_20230424_090131_HDR-1536x1139.jpg 1536w, https:\/\/lyceemauriac.fr\/wp-content\/uploads\/2023\/04\/IMG_20230424_090131_HDR-2048x1518.jpg 2048w, https:\/\/lyceemauriac.fr\/wp-content\/uploads\/2023\/04\/IMG_20230424_090131_HDR-337x250.jpg 337w\" sizes=\"auto, (max-width: 2560px) 100vw, 2560px\" \/><\/a> De camino <a href=\"https:\/\/lyceemauriac.fr\/wp-content\/uploads\/2023\/04\/IMG-20230424-WA0006.jpg\"><img loading=\"lazy\" decoding=\"async\" class=\"aligncenter size-full wp-image-10092\" src=\"https:\/\/lyceemauriac.fr\/wp-content\/uploads\/2023\/04\/IMG-20230424-WA0006.jpg\" alt=\"\" width=\"1600\" height=\"900\" srcset=\"https:\/\/lyceemauriac.fr\/wp-content\/uploads\/2023\/04\/IMG-20230424-WA0006.jpg 1600w, https:\/\/lyceemauriac.fr\/wp-content\/uploads\/2023\/04\/IMG-20230424-WA0006-200x113.jpg 200w, https:\/\/lyceemauriac.fr\/wp-content\/uploads\/2023\/04\/IMG-20230424-WA0006-1024x576.jpg 1024w, https:\/\/lyceemauriac.fr\/wp-content\/uploads\/2023\/04\/IMG-20230424-WA0006-768x432.jpg 768w, https:\/\/lyceemauriac.fr\/wp-content\/uploads\/2023\/04\/IMG-20230424-WA0006-1536x864.jpg 1536w, https:\/\/lyceemauriac.fr\/wp-content\/uploads\/2023\/04\/IMG-20230424-WA0006-370x208.jpg 370w\" sizes=\"auto, (max-width: 1600px) 100vw, 1600px\" \/><\/a><\/p>\r\n<p>La acogida por la familias en Alcal\u00e1 de Henares<\/p>\r\n<p>&nbsp;<\/p>\r\n\r\n\r\n\r\n<h2>D\u00eda 2: visita del Prado y juego de pista para descubrir el barrio de las Letras y el centro hist\u00f3rico de Madrid<\/h2>\r\n\r\n\r\n\r\n<p>Les \u00e9l\u00e8ves ont attaqu\u00e9 leur s\u00e9jour par une visite du mus\u00e9e du Prado. Ils ont pu pr\u00e9senter par petits groupes des commentaires d&rsquo;\u0153uvres de Goya \u00e9tudi\u00e9es en classe avec Mme Brunel parmi lesquelles se trouvaient les c\u00e9l\u00e8bres 2 y 3 de mayo. Ils ont aussi pu apercevoir la grande richesse de ce mus\u00e9e avec d&rsquo;autres \u0153uvres embl\u00e9matiques comme las Meninas de Vel\u00e1zquez ou le jardin des d\u00e9lices de Bosch. Ensuite nous avons pu profiter d&rsquo;une belle balade au parque du Retiro o\u00f9 ils ont pique-niqu\u00e9. Enfin, ils ont d\u00e9couvert le Barrio de las Letras, quartier o\u00f9 ont v\u00e9cu de nombreux \u00e9crivains espagnols, par un jeu de piste. Ils ont ainsi pu voir les lieux embl\u00e9matiques de la ville telles que la puerta del Sol et la Plaza mayor, avant d&rsquo;aller d\u00e9guster un bon chocolote con churros dans la c\u00e9l\u00e8bre chocolaterie San Gin\u00e9s.<\/p>\r\n\r\n\r\n\r\n<figure class=\"wp-block-image size-large\"><img loading=\"lazy\" decoding=\"async\" width=\"1024\" height=\"771\" class=\"wp-image-10098\" src=\"https:\/\/lyceemauriac.fr\/wp-content\/uploads\/2023\/04\/IMG_20230425_144954_HDR-1024x771.jpg\" alt=\"\" srcset=\"https:\/\/lyceemauriac.fr\/wp-content\/uploads\/2023\/04\/IMG_20230425_144954_HDR-1024x771.jpg 1024w, https:\/\/lyceemauriac.fr\/wp-content\/uploads\/2023\/04\/IMG_20230425_144954_HDR-200x151.jpg 200w, https:\/\/lyceemauriac.fr\/wp-content\/uploads\/2023\/04\/IMG_20230425_144954_HDR-768x578.jpg 768w, https:\/\/lyceemauriac.fr\/wp-content\/uploads\/2023\/04\/IMG_20230425_144954_HDR-1536x1157.jpg 1536w, https:\/\/lyceemauriac.fr\/wp-content\/uploads\/2023\/04\/IMG_20230425_144954_HDR-2048x1542.jpg 2048w, https:\/\/lyceemauriac.fr\/wp-content\/uploads\/2023\/04\/IMG_20230425_144954_HDR-332x250.jpg 332w\" sizes=\"auto, (max-width: 1024px) 100vw, 1024px\" \/>\r\n<figcaption class=\"wp-element-caption\">Estanque del Retiro<\/figcaption>\r\n<\/figure>\r\n\r\n\r\n\r\n<figure class=\"wp-block-image\"><img loading=\"lazy\" decoding=\"async\" width=\"1024\" height=\"759\" class=\"wp-image-10099\" src=\"https:\/\/lyceemauriac.fr\/wp-content\/uploads\/2023\/04\/IMG_20230425_164139_HDR-1024x759.jpg\" alt=\"\" srcset=\"https:\/\/lyceemauriac.fr\/wp-content\/uploads\/2023\/04\/IMG_20230425_164139_HDR-1024x759.jpg 1024w, https:\/\/lyceemauriac.fr\/wp-content\/uploads\/2023\/04\/IMG_20230425_164139_HDR-200x148.jpg 200w, https:\/\/lyceemauriac.fr\/wp-content\/uploads\/2023\/04\/IMG_20230425_164139_HDR-768x569.jpg 768w, https:\/\/lyceemauriac.fr\/wp-content\/uploads\/2023\/04\/IMG_20230425_164139_HDR-1536x1139.jpg 1536w, https:\/\/lyceemauriac.fr\/wp-content\/uploads\/2023\/04\/IMG_20230425_164139_HDR-2048x1518.jpg 2048w, https:\/\/lyceemauriac.fr\/wp-content\/uploads\/2023\/04\/IMG_20230425_164139_HDR-337x250.jpg 337w\" sizes=\"auto, (max-width: 1024px) 100vw, 1024px\" \/>\r\n<figcaption class=\"wp-element-caption\">Plaza mayor<\/figcaption>\r\n<\/figure>\r\n\r\n\r\n\r\n<figure class=\"wp-block-image\"><img loading=\"lazy\" decoding=\"async\" width=\"1024\" height=\"759\" class=\"wp-image-10097\" src=\"https:\/\/lyceemauriac.fr\/wp-content\/uploads\/2023\/04\/IMG_20230425_172456_HDR-1024x759.jpg\" alt=\"\" srcset=\"https:\/\/lyceemauriac.fr\/wp-content\/uploads\/2023\/04\/IMG_20230425_172456_HDR-1024x759.jpg 1024w, https:\/\/lyceemauriac.fr\/wp-content\/uploads\/2023\/04\/IMG_20230425_172456_HDR-200x148.jpg 200w, https:\/\/lyceemauriac.fr\/wp-content\/uploads\/2023\/04\/IMG_20230425_172456_HDR-768x569.jpg 768w, https:\/\/lyceemauriac.fr\/wp-content\/uploads\/2023\/04\/IMG_20230425_172456_HDR-1536x1139.jpg 1536w, https:\/\/lyceemauriac.fr\/wp-content\/uploads\/2023\/04\/IMG_20230425_172456_HDR-2048x1518.jpg 2048w, https:\/\/lyceemauriac.fr\/wp-content\/uploads\/2023\/04\/IMG_20230425_172456_HDR-337x250.jpg 337w\" sizes=\"auto, (max-width: 1024px) 100vw, 1024px\" \/>\r\n<figcaption class=\"wp-element-caption\">Chocolateria San Gin\u00e9s<\/figcaption>\r\n<\/figure>\r\n\r\n\r\n\r\n<figure class=\"wp-block-image\"><img loading=\"lazy\" decoding=\"async\" width=\"1024\" height=\"759\" class=\"wp-image-10101\" src=\"https:\/\/lyceemauriac.fr\/wp-content\/uploads\/2023\/04\/IMG_20230425_181422_HDR-1024x759.jpg\" alt=\"\" srcset=\"https:\/\/lyceemauriac.fr\/wp-content\/uploads\/2023\/04\/IMG_20230425_181422_HDR-1024x759.jpg 1024w, https:\/\/lyceemauriac.fr\/wp-content\/uploads\/2023\/04\/IMG_20230425_181422_HDR-200x148.jpg 200w, https:\/\/lyceemauriac.fr\/wp-content\/uploads\/2023\/04\/IMG_20230425_181422_HDR-768x569.jpg 768w, https:\/\/lyceemauriac.fr\/wp-content\/uploads\/2023\/04\/IMG_20230425_181422_HDR-1536x1139.jpg 1536w, https:\/\/lyceemauriac.fr\/wp-content\/uploads\/2023\/04\/IMG_20230425_181422_HDR-2048x1518.jpg 2048w, https:\/\/lyceemauriac.fr\/wp-content\/uploads\/2023\/04\/IMG_20230425_181422_HDR-337x250.jpg 337w\" sizes=\"auto, (max-width: 1024px) 100vw, 1024px\" \/>\r\n<figcaption class=\"wp-element-caption\">El oso y el madro\u00f1o en la puerta del Sol<\/figcaption>\r\n<\/figure>\r\n\r\n\r\n\r\n<figure class=\"wp-block-image\"><img loading=\"lazy\" decoding=\"async\" width=\"1024\" height=\"771\" class=\"wp-image-10100\" src=\"https:\/\/lyceemauriac.fr\/wp-content\/uploads\/2023\/04\/IMG_20230425_183929_HDR-1024x771.jpg\" alt=\"\" srcset=\"https:\/\/lyceemauriac.fr\/wp-content\/uploads\/2023\/04\/IMG_20230425_183929_HDR-1024x771.jpg 1024w, https:\/\/lyceemauriac.fr\/wp-content\/uploads\/2023\/04\/IMG_20230425_183929_HDR-200x151.jpg 200w, https:\/\/lyceemauriac.fr\/wp-content\/uploads\/2023\/04\/IMG_20230425_183929_HDR-768x578.jpg 768w, https:\/\/lyceemauriac.fr\/wp-content\/uploads\/2023\/04\/IMG_20230425_183929_HDR-1536x1157.jpg 1536w, https:\/\/lyceemauriac.fr\/wp-content\/uploads\/2023\/04\/IMG_20230425_183929_HDR-2048x1542.jpg 2048w, https:\/\/lyceemauriac.fr\/wp-content\/uploads\/2023\/04\/IMG_20230425_183929_HDR-332x250.jpg 332w\" sizes=\"auto, (max-width: 1024px) 100vw, 1024px\" \/><\/figure>\r\n\r\n\r\n\r\n<p>La fuente de la Cibeles y el ayuntamiento de Madrid<\/p>\r\n\r\n\r\n\r\n<h2>D\u00eda 3: visita de Toledo<\/h2>\r\n\r\n\r\n\r\n<p>Aujourd&rsquo;hui nos \u00e9l\u00e8ves sont partis \u00e0 la d\u00e9couverte de la magnifique ville de Toledo sous un temps encore plus estival. Ils ont continu\u00e9 \u00e0 avaler les kilom\u00e8tres en d\u00e9ambulant dans le d\u00e9dale des rues pour explorer cette belle cit\u00e9 m\u00e9di\u00e9vale. De la magnifique ancienne synagogue\/\u00e9glise Santa Maria la Blanca, en passant par le spectaculaire\u00a0 monast\u00e8re de San Juan de los Reyes et la charmante ancienne mosqu\u00e9e\/\u00e9glise Cristo de Luz, ils ont pu d\u00e9couvrir le m\u00e9lange des cultures chr\u00e9tienne, musulmane et juive issu de la p\u00e9riode m\u00e9di\u00e9vale. Ensuite ils ont profit\u00e9 d&rsquo;un quartier libre pour continuer d&rsquo;explorer la ville et en faire de belles photographies.<\/p>\r\n\r\n\r\n\r\n<figure class=\"wp-block-image size-large\"><img loading=\"lazy\" decoding=\"async\" width=\"1024\" height=\"759\" class=\"wp-image-10107\" src=\"https:\/\/lyceemauriac.fr\/wp-content\/uploads\/2023\/04\/IMG_20230426_095306_HDR-1024x759.jpg\" alt=\"\" srcset=\"https:\/\/lyceemauriac.fr\/wp-content\/uploads\/2023\/04\/IMG_20230426_095306_HDR-1024x759.jpg 1024w, https:\/\/lyceemauriac.fr\/wp-content\/uploads\/2023\/04\/IMG_20230426_095306_HDR-200x148.jpg 200w, https:\/\/lyceemauriac.fr\/wp-content\/uploads\/2023\/04\/IMG_20230426_095306_HDR-768x569.jpg 768w, https:\/\/lyceemauriac.fr\/wp-content\/uploads\/2023\/04\/IMG_20230426_095306_HDR-1536x1139.jpg 1536w, https:\/\/lyceemauriac.fr\/wp-content\/uploads\/2023\/04\/IMG_20230426_095306_HDR-2048x1518.jpg 2048w, https:\/\/lyceemauriac.fr\/wp-content\/uploads\/2023\/04\/IMG_20230426_095306_HDR-337x250.jpg 337w\" sizes=\"auto, (max-width: 1024px) 100vw, 1024px\" \/>\r\n<figcaption class=\"wp-element-caption\">Le groupe aux portes de la ville<\/figcaption>\r\n<\/figure>\r\n\r\n\r\n\r\n<figure class=\"wp-block-image\"><img loading=\"lazy\" decoding=\"async\" width=\"1024\" height=\"759\" class=\"wp-image-10106\" src=\"https:\/\/lyceemauriac.fr\/wp-content\/uploads\/2023\/04\/IMG_20230426_115322_HDR-1024x759.jpg\" alt=\"\" srcset=\"https:\/\/lyceemauriac.fr\/wp-content\/uploads\/2023\/04\/IMG_20230426_115322_HDR-1024x759.jpg 1024w, https:\/\/lyceemauriac.fr\/wp-content\/uploads\/2023\/04\/IMG_20230426_115322_HDR-200x148.jpg 200w, https:\/\/lyceemauriac.fr\/wp-content\/uploads\/2023\/04\/IMG_20230426_115322_HDR-768x569.jpg 768w, https:\/\/lyceemauriac.fr\/wp-content\/uploads\/2023\/04\/IMG_20230426_115322_HDR-1536x1139.jpg 1536w, https:\/\/lyceemauriac.fr\/wp-content\/uploads\/2023\/04\/IMG_20230426_115322_HDR-2048x1518.jpg 2048w, https:\/\/lyceemauriac.fr\/wp-content\/uploads\/2023\/04\/IMG_20230426_115322_HDR-337x250.jpg 337w\" sizes=\"auto, (max-width: 1024px) 100vw, 1024px\" \/>\r\n<figcaption class=\"wp-element-caption\">L&rsquo;ancienne synagogue\/\u00e9glise Santa Maria la Blanca<\/figcaption>\r\n<\/figure>\r\n\r\n\r\n\r\n<figure class=\"wp-block-image\"><img loading=\"lazy\" decoding=\"async\" width=\"1024\" height=\"771\" class=\"wp-image-10110\" src=\"https:\/\/lyceemauriac.fr\/wp-content\/uploads\/2023\/04\/IMG_20230426_120826_HDR-1024x771.jpg\" alt=\"\" srcset=\"https:\/\/lyceemauriac.fr\/wp-content\/uploads\/2023\/04\/IMG_20230426_120826_HDR-1024x771.jpg 1024w, https:\/\/lyceemauriac.fr\/wp-content\/uploads\/2023\/04\/IMG_20230426_120826_HDR-200x151.jpg 200w, https:\/\/lyceemauriac.fr\/wp-content\/uploads\/2023\/04\/IMG_20230426_120826_HDR-768x578.jpg 768w, https:\/\/lyceemauriac.fr\/wp-content\/uploads\/2023\/04\/IMG_20230426_120826_HDR-1536x1157.jpg 1536w, https:\/\/lyceemauriac.fr\/wp-content\/uploads\/2023\/04\/IMG_20230426_120826_HDR-2048x1542.jpg 2048w, https:\/\/lyceemauriac.fr\/wp-content\/uploads\/2023\/04\/IMG_20230426_120826_HDR-332x250.jpg 332w\" sizes=\"auto, (max-width: 1024px) 100vw, 1024px\" \/>\r\n<figcaption class=\"wp-element-caption\">Le monast\u00e8re San Juan de los Reyes<\/figcaption>\r\n<\/figure>\r\n\r\n\r\n\r\n<figure class=\"wp-block-image\"><img loading=\"lazy\" decoding=\"async\" width=\"1024\" height=\"759\" class=\"wp-image-10108\" src=\"https:\/\/lyceemauriac.fr\/wp-content\/uploads\/2023\/04\/IMG_20230426_140927_HDR-1024x759.jpg\" alt=\"\" srcset=\"https:\/\/lyceemauriac.fr\/wp-content\/uploads\/2023\/04\/IMG_20230426_140927_HDR-1024x759.jpg 1024w, https:\/\/lyceemauriac.fr\/wp-content\/uploads\/2023\/04\/IMG_20230426_140927_HDR-200x148.jpg 200w, https:\/\/lyceemauriac.fr\/wp-content\/uploads\/2023\/04\/IMG_20230426_140927_HDR-768x569.jpg 768w, https:\/\/lyceemauriac.fr\/wp-content\/uploads\/2023\/04\/IMG_20230426_140927_HDR-1536x1139.jpg 1536w, https:\/\/lyceemauriac.fr\/wp-content\/uploads\/2023\/04\/IMG_20230426_140927_HDR-2048x1518.jpg 2048w, https:\/\/lyceemauriac.fr\/wp-content\/uploads\/2023\/04\/IMG_20230426_140927_HDR-337x250.jpg 337w\" sizes=\"auto, (max-width: 1024px) 100vw, 1024px\" \/>\r\n<figcaption class=\"wp-element-caption\">L&rsquo;ancienne mosqu\u00e9e\/\u00e9glise Cristo de Luz<\/figcaption>\r\n<\/figure>\r\n\r\n\r\n\r\n<figure class=\"wp-block-image\"><img loading=\"lazy\" decoding=\"async\" width=\"1024\" height=\"759\" class=\"wp-image-10109\" src=\"https:\/\/lyceemauriac.fr\/wp-content\/uploads\/2023\/04\/IMG_20230426_142436_HDR-1024x759.jpg\" alt=\"\" srcset=\"https:\/\/lyceemauriac.fr\/wp-content\/uploads\/2023\/04\/IMG_20230426_142436_HDR-1024x759.jpg 1024w, https:\/\/lyceemauriac.fr\/wp-content\/uploads\/2023\/04\/IMG_20230426_142436_HDR-200x148.jpg 200w, https:\/\/lyceemauriac.fr\/wp-content\/uploads\/2023\/04\/IMG_20230426_142436_HDR-768x569.jpg 768w, https:\/\/lyceemauriac.fr\/wp-content\/uploads\/2023\/04\/IMG_20230426_142436_HDR-1536x1139.jpg 1536w, https:\/\/lyceemauriac.fr\/wp-content\/uploads\/2023\/04\/IMG_20230426_142436_HDR-2048x1518.jpg 2048w, https:\/\/lyceemauriac.fr\/wp-content\/uploads\/2023\/04\/IMG_20230426_142436_HDR-337x250.jpg 337w\" sizes=\"auto, (max-width: 1024px) 100vw, 1024px\" \/>\r\n<figcaption class=\"wp-element-caption\">Les jardins de la mezquita<\/figcaption>\r\n<\/figure>\r\n\r\n\r\n\r\n<p>&nbsp;<\/p>\r\n\r\n\r\n\r\n<h2>D\u00eda 4: museo de Am\u00e9rica y visita del Escorial<\/h2>\r\n\r\n\r\n\r\n<p>En cet avant dernier jour les \u00e9l\u00e8ves ont visit\u00e9 le mus\u00e9e d&rsquo;Am\u00e9rique consacr\u00e9 aux civilisations pr\u00e9colombiennes et \u00e0 l&rsquo;histoire de la colonisation espagnole en Am\u00e9rique. Ils ont pu d\u00e9couvrir des objets montrant la vie quotidienne et les croyances des anciennes civilisations du continent comme un immense codex Maya. Par la suite nous sommes all\u00e9s dans la Sierra de Guadarrama pour visiter le monast\u00e8re et palais de l&rsquo;Escorial. Les \u00e9l\u00e8ves ont pu s&rsquo;\u00e9merveiller dans la biblioth\u00e8que et ont d\u00e9couvert avec \u00e9motion les panth\u00e9ons des rois d&rsquo;Espagne et des Infants. Sur le trajet nous avons pu apercevoir le monumental Valle de Cuelgamuros (de los Ca\u00eddos), exceptionnellement ferm\u00e9 \u00e0 la visite, mais cela a donn\u00e9 lieu a des \u00e9changes fructueux sur le travail de m\u00e9moire concernant la guerre civile espagnole et la dictature franquiste. A leur retour \u00e0 Alcal\u00e1 ils ont pu d\u00e9couvrir le centre ville et les abords de l&rsquo;universit\u00e9 avant de profiter d&rsquo;un quartier libre.<\/p>\r\n\r\n\r\n\r\n<figure class=\"wp-block-image\"><img loading=\"lazy\" decoding=\"async\" width=\"1024\" height=\"771\" class=\"wp-image-10138\" src=\"https:\/\/lyceemauriac.fr\/wp-content\/uploads\/2023\/04\/IMG_20230428_125103_HDR-1024x771.jpg\" alt=\"\" srcset=\"https:\/\/lyceemauriac.fr\/wp-content\/uploads\/2023\/04\/IMG_20230428_125103_HDR-1024x771.jpg 1024w, https:\/\/lyceemauriac.fr\/wp-content\/uploads\/2023\/04\/IMG_20230428_125103_HDR-200x151.jpg 200w, https:\/\/lyceemauriac.fr\/wp-content\/uploads\/2023\/04\/IMG_20230428_125103_HDR-768x578.jpg 768w, https:\/\/lyceemauriac.fr\/wp-content\/uploads\/2023\/04\/IMG_20230428_125103_HDR-1536x1157.jpg 1536w, https:\/\/lyceemauriac.fr\/wp-content\/uploads\/2023\/04\/IMG_20230428_125103_HDR-2048x1542.jpg 2048w, https:\/\/lyceemauriac.fr\/wp-content\/uploads\/2023\/04\/IMG_20230428_125103_HDR-332x250.jpg 332w\" sizes=\"auto, (max-width: 1024px) 100vw, 1024px\" \/><\/figure>\r\n\r\n\r\n\r\n<figure class=\"wp-block-image size-large\"><img loading=\"lazy\" decoding=\"async\" width=\"771\" height=\"1024\" class=\"wp-image-10113\" src=\"https:\/\/lyceemauriac.fr\/wp-content\/uploads\/2023\/04\/img_20230427_091804_hdr7915795152332403088-771x1024.jpg\" alt=\"\" srcset=\"https:\/\/lyceemauriac.fr\/wp-content\/uploads\/2023\/04\/img_20230427_091804_hdr7915795152332403088-771x1024.jpg 771w, https:\/\/lyceemauriac.fr\/wp-content\/uploads\/2023\/04\/img_20230427_091804_hdr7915795152332403088-151x200.jpg 151w, https:\/\/lyceemauriac.fr\/wp-content\/uploads\/2023\/04\/img_20230427_091804_hdr7915795152332403088-768x1020.jpg 768w, https:\/\/lyceemauriac.fr\/wp-content\/uploads\/2023\/04\/img_20230427_091804_hdr7915795152332403088-1157x1536.jpg 1157w, https:\/\/lyceemauriac.fr\/wp-content\/uploads\/2023\/04\/img_20230427_091804_hdr7915795152332403088-1542x2048.jpg 1542w, https:\/\/lyceemauriac.fr\/wp-content\/uploads\/2023\/04\/img_20230427_091804_hdr7915795152332403088-188x250.jpg 188w, https:\/\/lyceemauriac.fr\/wp-content\/uploads\/2023\/04\/img_20230427_091804_hdr7915795152332403088-scaled.jpg 1928w\" sizes=\"auto, (max-width: 771px) 100vw, 771px\" \/>\r\n<figcaption class=\"wp-element-caption\">Le groupe devant le museo de America<\/figcaption>\r\n<\/figure>\r\n\r\n\r\n\r\n<figure class=\"wp-block-image size-large\"><img loading=\"lazy\" decoding=\"async\" width=\"1024\" height=\"458\" class=\"wp-image-10119\" src=\"https:\/\/lyceemauriac.fr\/wp-content\/uploads\/2023\/04\/IMG-20230427-WA0025-1024x458.jpg\" alt=\"\" srcset=\"https:\/\/lyceemauriac.fr\/wp-content\/uploads\/2023\/04\/IMG-20230427-WA0025-1024x458.jpg 1024w, https:\/\/lyceemauriac.fr\/wp-content\/uploads\/2023\/04\/IMG-20230427-WA0025-200x90.jpg 200w, https:\/\/lyceemauriac.fr\/wp-content\/uploads\/2023\/04\/IMG-20230427-WA0025-768x344.jpg 768w, https:\/\/lyceemauriac.fr\/wp-content\/uploads\/2023\/04\/IMG-20230427-WA0025-1536x687.jpg 1536w, https:\/\/lyceemauriac.fr\/wp-content\/uploads\/2023\/04\/IMG-20230427-WA0025-370x166.jpg 370w, https:\/\/lyceemauriac.fr\/wp-content\/uploads\/2023\/04\/IMG-20230427-WA0025.jpg 1600w\" sizes=\"auto, (max-width: 1024px) 100vw, 1024px\" \/>\r\n<figcaption class=\"wp-element-caption\">Codex Maya<\/figcaption>\r\n<\/figure>\r\n\r\n\r\n\r\n<figure class=\"wp-block-image size-large\"><img loading=\"lazy\" decoding=\"async\" width=\"458\" height=\"1024\" class=\"wp-image-10120\" src=\"https:\/\/lyceemauriac.fr\/wp-content\/uploads\/2023\/04\/IMG-20230427-WA0022-458x1024.jpg\" alt=\"\" srcset=\"https:\/\/lyceemauriac.fr\/wp-content\/uploads\/2023\/04\/IMG-20230427-WA0022-458x1024.jpg 458w, https:\/\/lyceemauriac.fr\/wp-content\/uploads\/2023\/04\/IMG-20230427-WA0022-90x200.jpg 90w, https:\/\/lyceemauriac.fr\/wp-content\/uploads\/2023\/04\/IMG-20230427-WA0022-687x1536.jpg 687w, https:\/\/lyceemauriac.fr\/wp-content\/uploads\/2023\/04\/IMG-20230427-WA0022-112x250.jpg 112w, https:\/\/lyceemauriac.fr\/wp-content\/uploads\/2023\/04\/IMG-20230427-WA0022.jpg 716w\" sizes=\"auto, (max-width: 458px) 100vw, 458px\" \/>\r\n<figcaption class=\"wp-element-caption\">Un cabinet de curiosit\u00e9<\/figcaption>\r\n<\/figure>\r\n\r\n\r\n\r\n<figure class=\"wp-block-image\"><img loading=\"lazy\" decoding=\"async\" width=\"1024\" height=\"771\" class=\"wp-image-10122\" src=\"https:\/\/lyceemauriac.fr\/wp-content\/uploads\/2023\/04\/IMG_20230427_102841_HDR-1-1024x771.jpg\" alt=\"\" srcset=\"https:\/\/lyceemauriac.fr\/wp-content\/uploads\/2023\/04\/IMG_20230427_102841_HDR-1-1024x771.jpg 1024w, https:\/\/lyceemauriac.fr\/wp-content\/uploads\/2023\/04\/IMG_20230427_102841_HDR-1-200x151.jpg 200w, https:\/\/lyceemauriac.fr\/wp-content\/uploads\/2023\/04\/IMG_20230427_102841_HDR-1-768x578.jpg 768w, https:\/\/lyceemauriac.fr\/wp-content\/uploads\/2023\/04\/IMG_20230427_102841_HDR-1-1536x1157.jpg 1536w, https:\/\/lyceemauriac.fr\/wp-content\/uploads\/2023\/04\/IMG_20230427_102841_HDR-1-2048x1542.jpg 2048w, https:\/\/lyceemauriac.fr\/wp-content\/uploads\/2023\/04\/IMG_20230427_102841_HDR-1-332x250.jpg 332w\" sizes=\"auto, (max-width: 1024px) 100vw, 1024px\" \/>\r\n<figcaption class=\"wp-element-caption\">Des statuettes incas<\/figcaption>\r\n<\/figure>\r\n\r\n\r\n\r\n<figure class=\"wp-block-image\"><img loading=\"lazy\" decoding=\"async\" width=\"759\" height=\"1024\" class=\"wp-image-10121\" src=\"https:\/\/lyceemauriac.fr\/wp-content\/uploads\/2023\/04\/img_20230427_110119_hdr6487045312460384499-759x1024.jpg\" alt=\"\" srcset=\"https:\/\/lyceemauriac.fr\/wp-content\/uploads\/2023\/04\/img_20230427_110119_hdr6487045312460384499-759x1024.jpg 759w, https:\/\/lyceemauriac.fr\/wp-content\/uploads\/2023\/04\/img_20230427_110119_hdr6487045312460384499-148x200.jpg 148w, https:\/\/lyceemauriac.fr\/wp-content\/uploads\/2023\/04\/img_20230427_110119_hdr6487045312460384499-768x1036.jpg 768w, https:\/\/lyceemauriac.fr\/wp-content\/uploads\/2023\/04\/img_20230427_110119_hdr6487045312460384499-1139x1536.jpg 1139w, https:\/\/lyceemauriac.fr\/wp-content\/uploads\/2023\/04\/img_20230427_110119_hdr6487045312460384499-1518x2048.jpg 1518w, https:\/\/lyceemauriac.fr\/wp-content\/uploads\/2023\/04\/img_20230427_110119_hdr6487045312460384499-185x250.jpg 185w, https:\/\/lyceemauriac.fr\/wp-content\/uploads\/2023\/04\/img_20230427_110119_hdr6487045312460384499-scaled.jpg 1898w\" sizes=\"auto, (max-width: 759px) 100vw, 759px\" \/>\r\n<figcaption class=\"wp-element-caption\">Les globes et la connaissance du monde<\/figcaption>\r\n<\/figure>\r\n\r\n\r\n\r\n<figure class=\"wp-block-image\"><img loading=\"lazy\" decoding=\"async\" width=\"1024\" height=\"771\" class=\"wp-image-10124\" src=\"https:\/\/lyceemauriac.fr\/wp-content\/uploads\/2023\/04\/IMG_20230427_161703_HDR-1-1024x771.jpg\" alt=\"\" srcset=\"https:\/\/lyceemauriac.fr\/wp-content\/uploads\/2023\/04\/IMG_20230427_161703_HDR-1-1024x771.jpg 1024w, https:\/\/lyceemauriac.fr\/wp-content\/uploads\/2023\/04\/IMG_20230427_161703_HDR-1-200x151.jpg 200w, https:\/\/lyceemauriac.fr\/wp-content\/uploads\/2023\/04\/IMG_20230427_161703_HDR-1-768x578.jpg 768w, https:\/\/lyceemauriac.fr\/wp-content\/uploads\/2023\/04\/IMG_20230427_161703_HDR-1-1536x1157.jpg 1536w, https:\/\/lyceemauriac.fr\/wp-content\/uploads\/2023\/04\/IMG_20230427_161703_HDR-1-2048x1542.jpg 2048w, https:\/\/lyceemauriac.fr\/wp-content\/uploads\/2023\/04\/IMG_20230427_161703_HDR-1-332x250.jpg 332w\" sizes=\"auto, (max-width: 1024px) 100vw, 1024px\" \/>\r\n<figcaption class=\"wp-element-caption\">Le palais de l&rsquo;Escorial<\/figcaption>\r\n<\/figure>\r\n\r\n\r\n\r\n<figure class=\"wp-block-image\"><img loading=\"lazy\" decoding=\"async\" width=\"1024\" height=\"771\" class=\"wp-image-10123\" src=\"https:\/\/lyceemauriac.fr\/wp-content\/uploads\/2023\/04\/IMG_20230427_192820_HDR-1-1024x771.jpg\" alt=\"\" srcset=\"https:\/\/lyceemauriac.fr\/wp-content\/uploads\/2023\/04\/IMG_20230427_192820_HDR-1-1024x771.jpg 1024w, https:\/\/lyceemauriac.fr\/wp-content\/uploads\/2023\/04\/IMG_20230427_192820_HDR-1-200x151.jpg 200w, https:\/\/lyceemauriac.fr\/wp-content\/uploads\/2023\/04\/IMG_20230427_192820_HDR-1-768x578.jpg 768w, https:\/\/lyceemauriac.fr\/wp-content\/uploads\/2023\/04\/IMG_20230427_192820_HDR-1-1536x1157.jpg 1536w, https:\/\/lyceemauriac.fr\/wp-content\/uploads\/2023\/04\/IMG_20230427_192820_HDR-1-2048x1542.jpg 2048w, https:\/\/lyceemauriac.fr\/wp-content\/uploads\/2023\/04\/IMG_20230427_192820_HDR-1-332x250.jpg 332w\" sizes=\"auto, (max-width: 1024px) 100vw, 1024px\" \/>\r\n<figcaption class=\"wp-element-caption\">La Plaza Cervantes et l&rsquo;universit\u00e9 de Alcal\u00e1 de Henares<\/figcaption>\r\n<\/figure>\r\n\r\n\r\n\r\n<h2>D\u00eda 5: Recurrido por los barrios de Madrid, del templo de Debod hasta el barrio Lavapi\u00e9s, y visita del museo Reina Sof\u00eda.<\/h2>\r\n\r\n\r\n\r\n<p>Pour leur dernier jour \u00e0 Madrid, les \u00e9l\u00e8ves ont fait une longue balade matinale \u00e0 travers les rues de Madrid. Partis du parque del Oriente au Nord, o\u00f9 se trouve le templo de Debod (temple \u00e9gyptien), ils ont profit\u00e9 d&rsquo;une vue spectaculaire sur la ville et se sont promen\u00e9s sur la nouvelle Plaza de Espa\u00f1a et dans les abords du palais royal. Ensuite ils ont march\u00e9 vers le pittoresque Barrio Lavapi\u00e9s, quartier populaire et multiculturel de Madrid, dans lequel ils ont pu voir de nombreuses \u0153uvres de Street-Art. Apr\u00e8s un pique-nique dans un parc ils ont visit\u00e9 le Centro de Arte Reina Sof\u00eda o\u00f9 ils ont enfin pu voir en vrai le spectaculaire Guernica de Picasso, ainsi que de nombreuses \u0153uvres de c\u00e9l\u00e8bres artistes espagnols comme Miro ou Dali. Apr\u00e8s ce bain d&rsquo;art contemporain ils ont profit\u00e9 d&rsquo;un temps libre pour faire du shopping dans le quartier de la Puerta del Sol et ont ensuite d\u00een\u00e9 dans un restaurant sur la Plaza Mayor. Une derni\u00e8re marche digestive vers le bus et le parque del Retiro leur a permis de d\u00e9couvrir Madrid de noche et de dire au revoir \u00e0 la ville. Le bus a ensuite fait route tranquillement de nuit pour arriver vers 7h55 au lyc\u00e9e, moment o\u00f9 nos \u00e9l\u00e8ves ont pu retrouver leurs familles pour un repos bien m\u00e9rit\u00e9 apr\u00e8s de si belles aventures.<\/p>\r\n\r\n\r\n\r\n<figure class=\"wp-block-image size-large\"><img loading=\"lazy\" decoding=\"async\" width=\"1024\" height=\"771\" class=\"wp-image-10132\" src=\"https:\/\/lyceemauriac.fr\/wp-content\/uploads\/2023\/04\/IMG_20230428_091050_HDR-1024x771.jpg\" alt=\"\" srcset=\"https:\/\/lyceemauriac.fr\/wp-content\/uploads\/2023\/04\/IMG_20230428_091050_HDR-1024x771.jpg 1024w, https:\/\/lyceemauriac.fr\/wp-content\/uploads\/2023\/04\/IMG_20230428_091050_HDR-200x151.jpg 200w, https:\/\/lyceemauriac.fr\/wp-content\/uploads\/2023\/04\/IMG_20230428_091050_HDR-768x578.jpg 768w, https:\/\/lyceemauriac.fr\/wp-content\/uploads\/2023\/04\/IMG_20230428_091050_HDR-1536x1157.jpg 1536w, https:\/\/lyceemauriac.fr\/wp-content\/uploads\/2023\/04\/IMG_20230428_091050_HDR-2048x1542.jpg 2048w, https:\/\/lyceemauriac.fr\/wp-content\/uploads\/2023\/04\/IMG_20230428_091050_HDR-332x250.jpg 332w\" sizes=\"auto, (max-width: 1024px) 100vw, 1024px\" \/>\r\n<figcaption class=\"wp-element-caption\">Le templo de Debod<\/figcaption>\r\n<\/figure>\r\n\r\n\r\n\r\n<figure class=\"wp-block-image\"><img loading=\"lazy\" decoding=\"async\" width=\"1024\" height=\"771\" class=\"wp-image-10133\" src=\"https:\/\/lyceemauriac.fr\/wp-content\/uploads\/2023\/04\/IMG_20230428_092926_HDR-1024x771.jpg\" alt=\"\" srcset=\"https:\/\/lyceemauriac.fr\/wp-content\/uploads\/2023\/04\/IMG_20230428_092926_HDR-1024x771.jpg 1024w, https:\/\/lyceemauriac.fr\/wp-content\/uploads\/2023\/04\/IMG_20230428_092926_HDR-200x151.jpg 200w, https:\/\/lyceemauriac.fr\/wp-content\/uploads\/2023\/04\/IMG_20230428_092926_HDR-768x578.jpg 768w, https:\/\/lyceemauriac.fr\/wp-content\/uploads\/2023\/04\/IMG_20230428_092926_HDR-1536x1157.jpg 1536w, https:\/\/lyceemauriac.fr\/wp-content\/uploads\/2023\/04\/IMG_20230428_092926_HDR-2048x1542.jpg 2048w, https:\/\/lyceemauriac.fr\/wp-content\/uploads\/2023\/04\/IMG_20230428_092926_HDR-332x250.jpg 332w\" sizes=\"auto, (max-width: 1024px) 100vw, 1024px\" \/>\r\n<figcaption class=\"wp-element-caption\">Le groupe dans le parque de Oriente avec le palais royal en arri\u00e8re plan<\/figcaption>\r\n<\/figure>\r\n\r\n\r\n\r\n<figure class=\"wp-block-image\"><img loading=\"lazy\" decoding=\"async\" width=\"1024\" height=\"759\" class=\"wp-image-10135\" src=\"https:\/\/lyceemauriac.fr\/wp-content\/uploads\/2023\/04\/IMG_20230428_113903_HDR-1024x759.jpg\" alt=\"\" srcset=\"https:\/\/lyceemauriac.fr\/wp-content\/uploads\/2023\/04\/IMG_20230428_113903_HDR-1024x759.jpg 1024w, https:\/\/lyceemauriac.fr\/wp-content\/uploads\/2023\/04\/IMG_20230428_113903_HDR-200x148.jpg 200w, https:\/\/lyceemauriac.fr\/wp-content\/uploads\/2023\/04\/IMG_20230428_113903_HDR-768x569.jpg 768w, https:\/\/lyceemauriac.fr\/wp-content\/uploads\/2023\/04\/IMG_20230428_113903_HDR-1536x1139.jpg 1536w, https:\/\/lyceemauriac.fr\/wp-content\/uploads\/2023\/04\/IMG_20230428_113903_HDR-2048x1518.jpg 2048w, https:\/\/lyceemauriac.fr\/wp-content\/uploads\/2023\/04\/IMG_20230428_113903_HDR-337x250.jpg 337w\" sizes=\"auto, (max-width: 1024px) 100vw, 1024px\" \/>\r\n<figcaption class=\"wp-element-caption\">Les \u00e9l\u00e8ves devant le Cin\u00e9 Dor\u00e9 de Lavapi\u00e9s<\/figcaption>\r\n<\/figure>\r\n\r\n\r\n\r\n<figure class=\"wp-block-image\"><img loading=\"lazy\" decoding=\"async\" width=\"771\" height=\"1024\" class=\"wp-image-10131\" src=\"https:\/\/lyceemauriac.fr\/wp-content\/uploads\/2023\/04\/img_20230428_114001_hdr6222702509273378763-771x1024.jpg\" alt=\"\" srcset=\"https:\/\/lyceemauriac.fr\/wp-content\/uploads\/2023\/04\/img_20230428_114001_hdr6222702509273378763-771x1024.jpg 771w, https:\/\/lyceemauriac.fr\/wp-content\/uploads\/2023\/04\/img_20230428_114001_hdr6222702509273378763-151x200.jpg 151w, https:\/\/lyceemauriac.fr\/wp-content\/uploads\/2023\/04\/img_20230428_114001_hdr6222702509273378763-768x1020.jpg 768w, https:\/\/lyceemauriac.fr\/wp-content\/uploads\/2023\/04\/img_20230428_114001_hdr6222702509273378763-1157x1536.jpg 1157w, https:\/\/lyceemauriac.fr\/wp-content\/uploads\/2023\/04\/img_20230428_114001_hdr6222702509273378763-1542x2048.jpg 1542w, https:\/\/lyceemauriac.fr\/wp-content\/uploads\/2023\/04\/img_20230428_114001_hdr6222702509273378763-188x250.jpg 188w, https:\/\/lyceemauriac.fr\/wp-content\/uploads\/2023\/04\/img_20230428_114001_hdr6222702509273378763-scaled.jpg 1928w\" sizes=\"auto, (max-width: 771px) 100vw, 771px\" \/>\r\n<figcaption class=\"wp-element-caption\">Les \u00e9l\u00e8ves d\u00e9couvrent les \u0153uvres de Street Art autour du mercado Ant\u00f3n Mart\u00edn (Lavapi\u00e9s)<\/figcaption>\r\n<\/figure>\r\n\r\n\r\n\r\n<figure class=\"wp-block-image\"><img loading=\"lazy\" decoding=\"async\" width=\"771\" height=\"1024\" class=\"wp-image-10130\" src=\"https:\/\/lyceemauriac.fr\/wp-content\/uploads\/2023\/04\/img_20230428_114022_hdr1610672917188015911-771x1024.jpg\" alt=\"\" srcset=\"https:\/\/lyceemauriac.fr\/wp-content\/uploads\/2023\/04\/img_20230428_114022_hdr1610672917188015911-771x1024.jpg 771w, https:\/\/lyceemauriac.fr\/wp-content\/uploads\/2023\/04\/img_20230428_114022_hdr1610672917188015911-151x200.jpg 151w, https:\/\/lyceemauriac.fr\/wp-content\/uploads\/2023\/04\/img_20230428_114022_hdr1610672917188015911-768x1020.jpg 768w, https:\/\/lyceemauriac.fr\/wp-content\/uploads\/2023\/04\/img_20230428_114022_hdr1610672917188015911-1157x1536.jpg 1157w, https:\/\/lyceemauriac.fr\/wp-content\/uploads\/2023\/04\/img_20230428_114022_hdr1610672917188015911-1542x2048.jpg 1542w, https:\/\/lyceemauriac.fr\/wp-content\/uploads\/2023\/04\/img_20230428_114022_hdr1610672917188015911-188x250.jpg 188w, https:\/\/lyceemauriac.fr\/wp-content\/uploads\/2023\/04\/img_20230428_114022_hdr1610672917188015911-scaled.jpg 1928w\" sizes=\"auto, (max-width: 771px) 100vw, 771px\" \/>\r\n<figcaption class=\"wp-element-caption\">Un autre graff du mercado Ant\u00f3n Mart\u00edn<\/figcaption>\r\n<\/figure>\r\n\r\n\r\n\r\n<figure class=\"wp-block-image\"><img loading=\"lazy\" decoding=\"async\" width=\"1024\" height=\"759\" class=\"wp-image-10136\" src=\"https:\/\/lyceemauriac.fr\/wp-content\/uploads\/2023\/04\/IMG_20230428_145823_HDR-1024x759.jpg\" alt=\"\" srcset=\"https:\/\/lyceemauriac.fr\/wp-content\/uploads\/2023\/04\/IMG_20230428_145823_HDR-1024x759.jpg 1024w, https:\/\/lyceemauriac.fr\/wp-content\/uploads\/2023\/04\/IMG_20230428_145823_HDR-200x148.jpg 200w, https:\/\/lyceemauriac.fr\/wp-content\/uploads\/2023\/04\/IMG_20230428_145823_HDR-768x569.jpg 768w, https:\/\/lyceemauriac.fr\/wp-content\/uploads\/2023\/04\/IMG_20230428_145823_HDR-1536x1139.jpg 1536w, https:\/\/lyceemauriac.fr\/wp-content\/uploads\/2023\/04\/IMG_20230428_145823_HDR-2048x1518.jpg 2048w, https:\/\/lyceemauriac.fr\/wp-content\/uploads\/2023\/04\/IMG_20230428_145823_HDR-337x250.jpg 337w\" sizes=\"auto, (max-width: 1024px) 100vw, 1024px\" \/>\r\n<figcaption class=\"wp-element-caption\">El Centro de Arte Reina Sofia<\/figcaption>\r\n<\/figure>\r\n\r\n\r\n\r\n<figure class=\"wp-block-image\"><img loading=\"lazy\" decoding=\"async\" width=\"1024\" height=\"771\" class=\"wp-image-10134\" src=\"https:\/\/lyceemauriac.fr\/wp-content\/uploads\/2023\/04\/IMG_20230428_213543_HDR-1024x771.jpg\" alt=\"\" srcset=\"https:\/\/lyceemauriac.fr\/wp-content\/uploads\/2023\/04\/IMG_20230428_213543_HDR-1024x771.jpg 1024w, https:\/\/lyceemauriac.fr\/wp-content\/uploads\/2023\/04\/IMG_20230428_213543_HDR-200x151.jpg 200w, https:\/\/lyceemauriac.fr\/wp-content\/uploads\/2023\/04\/IMG_20230428_213543_HDR-768x578.jpg 768w, https:\/\/lyceemauriac.fr\/wp-content\/uploads\/2023\/04\/IMG_20230428_213543_HDR-1536x1157.jpg 1536w, https:\/\/lyceemauriac.fr\/wp-content\/uploads\/2023\/04\/IMG_20230428_213543_HDR-2048x1542.jpg 2048w, https:\/\/lyceemauriac.fr\/wp-content\/uploads\/2023\/04\/IMG_20230428_213543_HDR-332x250.jpg 332w\" sizes=\"auto, (max-width: 1024px) 100vw, 1024px\" \/><\/figure>\r\n\r\n\r\n\r\n<p>La despedida en la plaza mayor<\/p>\r\n\r\n\r\n\r\n<p>&nbsp;<\/p>\r\n","protected":false},"excerpt":{"rendered":"<p>D\u00eda 1: el viaje hacia Alcal\u00e1 de Henares Apr\u00e8s un d\u00e9part du lyc\u00e9e vers 9h15, les \u00e9l\u00e8ves et leurs professeurs ont fait bonne route vers Alcal\u00e1 de Henares dans la Communaut\u00e9 de Madrid.\u00a0 Apr\u00e8s quelques pauses et un trajet dans la bonne humeur, ils ont \u00e9t\u00e9 accueillis chaleureusement par les familles espagnoles qui les h\u00e9bergeront [&hellip;]<\/p>\n","protected":false},"author":57,"featured_media":10124,"comment_status":"closed","ping_status":"open","sticky":false,"template":"","format":"standard","meta":{"footnotes":""},"categories":[1,59,39],"tags":[],"class_list":["post-10095","post","type-post","status-publish","format-standard","has-post-thumbnail","hentry","category-non-classe","category-espagnol","category-zbandeau"],"_links":{"self":[{"href":"https:\/\/lyceemauriac.fr\/index.php\/wp-json\/wp\/v2\/posts\/10095","targetHints":{"allow":["GET"]}}],"collection":[{"href":"https:\/\/lyceemauriac.fr\/index.php\/wp-json\/wp\/v2\/posts"}],"about":[{"href":"https:\/\/lyceemauriac.fr\/index.php\/wp-json\/wp\/v2\/types\/post"}],"author":[{"embeddable":true,"href":"https:\/\/lyceemauriac.fr\/index.php\/wp-json\/wp\/v2\/users\/57"}],"replies":[{"embeddable":true,"href":"https:\/\/lyceemauriac.fr\/index.php\/wp-json\/wp\/v2\/comments?post=10095"}],"version-history":[{"count":9,"href":"https:\/\/lyceemauriac.fr\/index.php\/wp-json\/wp\/v2\/posts\/10095\/revisions"}],"predecessor-version":[{"id":10142,"href":"https:\/\/lyceemauriac.fr\/index.php\/wp-json\/wp\/v2\/posts\/10095\/revisions\/10142"}],"wp:featuredmedia":[{"embeddable":true,"href":"https:\/\/lyceemauriac.fr\/index.php\/wp-json\/wp\/v2\/media\/10124"}],"wp:attachment":[{"href":"https:\/\/lyceemauriac.fr\/index.php\/wp-json\/wp\/v2\/media?parent=10095"}],"wp:term":[{"taxonomy":"category","embeddable":true,"href":"https:\/\/lyceemauriac.fr\/index.php\/wp-json\/wp\/v2\/categories?post=10095"},{"taxonomy":"post_tag","embeddable":true,"href":"https:\/\/lyceemauriac.fr\/index.php\/wp-json\/wp\/v2\/tags?post=10095"}],"curies":[{"name":"wp","href":"https:\/\/api.w.org\/{rel}","templated":true}]}}