{"id":10223,"date":"2023-05-22T21:10:45","date_gmt":"2023-05-22T19:10:45","guid":{"rendered":"https:\/\/lyceemauriac.fr\/?p=10223"},"modified":"2026-02-25T14:26:05","modified_gmt":"2026-02-25T13:26:05","slug":"nos-equipes-de-futsal-a-lhonneur-dans-sud-ouest","status":"publish","type":"post","link":"https:\/\/lyceemauriac.fr\/index.php\/2023\/05\/22\/nos-equipes-de-futsal-a-lhonneur-dans-sud-ouest\/","title":{"rendered":"Nos \u00e9quipes de futsal \u00e0 l&rsquo;honneur dans Sud-Ouest"},"content":{"rendered":"<p>Suite \u00e0 leur exceptionnel doubl\u00e9 lors du Championnat de France (voir <a href=\"https:\/\/lyceemauriac.fr\/index.php\/2023\/04\/08\/et-de-deux-les-garcons-champions-de-france-unss-de-futsal\/\">ici<\/a> et <a href=\"https:\/\/lyceemauriac.fr\/index.php\/2023\/04\/06\/championne-de-france-lequipe-feminine-de-futsal-realise-lexploit\/\">ici<\/a>), nos footballeuses et footballeurs ont eu l&rsquo;honneur d&rsquo;un article\u00a0 paru dans le journal Sud-Ouest apr\u00e8s la c\u00e9r\u00e9monie organis\u00e9e en leur hommage :<\/p>\n<p>&nbsp;<\/p>\n<p><em>\u00abLes \u00e9quipes de gar\u00e7ons et de filles du lyc\u00e9e Fran\u00e7ois Mauriac de la Bastide, engag\u00e9es au championnat de France de futsal dans le cadre de l&rsquo;Union Nationale de Sport Scolaire ont, \u00e0 une semaine de distance, ramen\u00e9 la m\u00e9daille d&rsquo;or. Les filles en rentrant victorieuses d&rsquo;un tournoi \u00e0 Chamali\u00e8res, les gar\u00e7ons en remportant celui de Cabestany. Pour f\u00eater ce doubl\u00e9 historique, tant il est rare qu&rsquo;un lyc\u00e9e re\u00e7oive les deux titres la m\u00eame ann\u00e9e, une c\u00e9r\u00e9monie a eu lieu en pr\u00e9sence de Mesdames les proviseure et proviseure-adjointe, des repr\u00e9sentants de la R\u00e9gion, de la Direction r\u00e9gionale acad\u00e9mique \u00e0 la jeunesse, \u00e0 l&rsquo;engagement et au sport, de l&rsquo;UNSS, de l&rsquo;\u00e9quipe enseignante, des parents et des proches des \u00e9l\u00e8ves.<\/em><\/p>\n<p><em>Un bel encouragement pour les lyc\u00e9ennes et les lyc\u00e9ens, et une belle notori\u00e9t\u00e9 pour l&rsquo;\u00e9tablissement.\u00bb<\/em><\/p>\n","protected":false},"excerpt":{"rendered":"<p>Suite \u00e0 leur exceptionnel doubl\u00e9 lors du Championnat de France (voir ici et ici), nos footballeuses et footballeurs ont eu l&rsquo;honneur d&rsquo;un article\u00a0 paru dans le journal Sud-Ouest apr\u00e8s la c\u00e9r\u00e9monie organis\u00e9e en leur hommage : &nbsp; \u00abLes \u00e9quipes de gar\u00e7ons et de filles du lyc\u00e9e Fran\u00e7ois Mauriac de la Bastide, engag\u00e9es au championnat de [&hellip;]<\/p>\n","protected":false},"author":2,"featured_media":10224,"comment_status":"closed","ping_status":"open","sticky":false,"template":"","format":"standard","meta":{"footnotes":""},"categories":[23],"tags":[],"class_list":["post-10223","post","type-post","status-publish","format-standard","has-post-thumbnail","hentry","category-association_sportive"],"_links":{"self":[{"href":"https:\/\/lyceemauriac.fr\/index.php\/wp-json\/wp\/v2\/posts\/10223","targetHints":{"allow":["GET"]}}],"collection":[{"href":"https:\/\/lyceemauriac.fr\/index.php\/wp-json\/wp\/v2\/posts"}],"about":[{"href":"https:\/\/lyceemauriac.fr\/index.php\/wp-json\/wp\/v2\/types\/post"}],"author":[{"embeddable":true,"href":"https:\/\/lyceemauriac.fr\/index.php\/wp-json\/wp\/v2\/users\/2"}],"replies":[{"embeddable":true,"href":"https:\/\/lyceemauriac.fr\/index.php\/wp-json\/wp\/v2\/comments?post=10223"}],"version-history":[{"count":5,"href":"https:\/\/lyceemauriac.fr\/index.php\/wp-json\/wp\/v2\/posts\/10223\/revisions"}],"predecessor-version":[{"id":10229,"href":"https:\/\/lyceemauriac.fr\/index.php\/wp-json\/wp\/v2\/posts\/10223\/revisions\/10229"}],"wp:featuredmedia":[{"embeddable":true,"href":"https:\/\/lyceemauriac.fr\/index.php\/wp-json\/wp\/v2\/media\/10224"}],"wp:attachment":[{"href":"https:\/\/lyceemauriac.fr\/index.php\/wp-json\/wp\/v2\/media?parent=10223"}],"wp:term":[{"taxonomy":"category","embeddable":true,"href":"https:\/\/lyceemauriac.fr\/index.php\/wp-json\/wp\/v2\/categories?post=10223"},{"taxonomy":"post_tag","embeddable":true,"href":"https:\/\/lyceemauriac.fr\/index.php\/wp-json\/wp\/v2\/tags?post=10223"}],"curies":[{"name":"wp","href":"https:\/\/api.w.org\/{rel}","templated":true}]}}