{"id":10400,"date":"2023-08-26T09:22:38","date_gmt":"2023-08-26T07:22:38","guid":{"rendered":"https:\/\/lyceemauriac.fr\/?p=10400"},"modified":"2023-08-28T09:44:10","modified_gmt":"2023-08-28T07:44:10","slug":"informations-de-rentree","status":"publish","type":"post","link":"https:\/\/lyceemauriac.fr\/index.php\/2023\/08\/26\/informations-de-rentree\/","title":{"rendered":"Informations de rentr\u00e9e"},"content":{"rendered":"<p>Vous trouverez ci-dessous (ainsi que dans le document <a href=\"https:\/\/lyceemauriac.fr\/wp-content\/uploads\/2023\/08\/INFORMATIONS_de_RENTREE_v2.pdf\" class=\"mtli_attachment mtli_pdf\">Informations de rentr\u00e9e<\/a> ) le planning de rentr\u00e9e des \u00e9l\u00e8ves.<\/p>\n<p><a href=\"https:\/\/lyceemauriac.fr\/wp-content\/uploads\/2023\/08\/tab_rentree.png\"><img loading=\"lazy\" decoding=\"async\" class=\"aligncenter size-full wp-image-10404\" src=\"https:\/\/lyceemauriac.fr\/wp-content\/uploads\/2023\/08\/tab_rentree.png\" alt=\"\" width=\"634\" height=\"478\" srcset=\"https:\/\/lyceemauriac.fr\/wp-content\/uploads\/2023\/08\/tab_rentree.png 634w, https:\/\/lyceemauriac.fr\/wp-content\/uploads\/2023\/08\/tab_rentree-200x151.png 200w, https:\/\/lyceemauriac.fr\/wp-content\/uploads\/2023\/08\/tab_rentree-332x250.png 332w\" sizes=\"auto, (max-width: 634px) 100vw, 634px\" \/><\/a><\/p>\n<p>Les listes de classes seront \u00e0 retrouver sur ce site \u00e0 compter du <strong>mercredi 30 ao\u00fbt \u00e0 08h00<\/strong>.<\/p>\n<p>&nbsp;<\/p>\n<p>&nbsp;<\/p>\n<p>&nbsp;<\/p>\n","protected":false},"excerpt":{"rendered":"<p>Vous trouverez ci-dessous (ainsi que dans le document Informations de rentr\u00e9e ) le planning de rentr\u00e9e des \u00e9l\u00e8ves. Les listes de classes seront \u00e0 retrouver sur ce site \u00e0 compter du mercredi 30 ao\u00fbt \u00e0 08h00. &nbsp; &nbsp; &nbsp;<\/p>\n","protected":false},"author":2,"featured_media":10401,"comment_status":"closed","ping_status":"open","sticky":false,"template":"","format":"standard","meta":{"footnotes":""},"categories":[2],"tags":[],"class_list":["post-10400","post","type-post","status-publish","format-standard","has-post-thumbnail","hentry","category-administration"],"_links":{"self":[{"href":"https:\/\/lyceemauriac.fr\/index.php\/wp-json\/wp\/v2\/posts\/10400","targetHints":{"allow":["GET"]}}],"collection":[{"href":"https:\/\/lyceemauriac.fr\/index.php\/wp-json\/wp\/v2\/posts"}],"about":[{"href":"https:\/\/lyceemauriac.fr\/index.php\/wp-json\/wp\/v2\/types\/post"}],"author":[{"embeddable":true,"href":"https:\/\/lyceemauriac.fr\/index.php\/wp-json\/wp\/v2\/users\/2"}],"replies":[{"embeddable":true,"href":"https:\/\/lyceemauriac.fr\/index.php\/wp-json\/wp\/v2\/comments?post=10400"}],"version-history":[{"count":3,"href":"https:\/\/lyceemauriac.fr\/index.php\/wp-json\/wp\/v2\/posts\/10400\/revisions"}],"predecessor-version":[{"id":10405,"href":"https:\/\/lyceemauriac.fr\/index.php\/wp-json\/wp\/v2\/posts\/10400\/revisions\/10405"}],"wp:featuredmedia":[{"embeddable":true,"href":"https:\/\/lyceemauriac.fr\/index.php\/wp-json\/wp\/v2\/media\/10401"}],"wp:attachment":[{"href":"https:\/\/lyceemauriac.fr\/index.php\/wp-json\/wp\/v2\/media?parent=10400"}],"wp:term":[{"taxonomy":"category","embeddable":true,"href":"https:\/\/lyceemauriac.fr\/index.php\/wp-json\/wp\/v2\/categories?post=10400"},{"taxonomy":"post_tag","embeddable":true,"href":"https:\/\/lyceemauriac.fr\/index.php\/wp-json\/wp\/v2\/tags?post=10400"}],"curies":[{"name":"wp","href":"https:\/\/api.w.org\/{rel}","templated":true}]}}