{"id":10435,"date":"2023-09-13T08:56:40","date_gmt":"2023-09-13T06:56:40","guid":{"rendered":"https:\/\/lyceemauriac.fr\/?p=10435"},"modified":"2023-09-13T08:57:19","modified_gmt":"2023-09-13T06:57:19","slug":"reunion-dinformation-prepa-sciences-po-2","status":"publish","type":"post","link":"https:\/\/lyceemauriac.fr\/index.php\/2023\/09\/13\/reunion-dinformation-prepa-sciences-po-2\/","title":{"rendered":"R\u00e9union d&rsquo;information pr\u00e9pa Sciences Po"},"content":{"rendered":"<p>Le mercredi 27 septembre \u00e0 13h30 se tiendra en salle polyvalente une r\u00e9union d&rsquo;information concernant la pr\u00e9paration \u00e0 l&rsquo;entr\u00e9e \u00e0 Sciences Po Bordeaux.<\/p>\n<p>Cette pr\u00e9paration s&rsquo;inscrit dans le cadre du programme <a href=\"https:\/\/jppjv.sciencespobordeaux.fr\/\">JPPJV<\/a> dont le lyc\u00e9e est partenaire.<\/p>\n","protected":false},"excerpt":{"rendered":"<p>Le mercredi 27 septembre \u00e0 13h30 se tiendra en salle polyvalente une r\u00e9union d&rsquo;information concernant la pr\u00e9paration \u00e0 l&rsquo;entr\u00e9e \u00e0 Sciences Po Bordeaux. Cette pr\u00e9paration s&rsquo;inscrit dans le cadre du programme JPPJV dont le lyc\u00e9e est partenaire.<\/p>\n","protected":false},"author":2,"featured_media":10436,"comment_status":"closed","ping_status":"open","sticky":false,"template":"","format":"standard","meta":{"footnotes":""},"categories":[2,39],"tags":[],"class_list":["post-10435","post","type-post","status-publish","format-standard","has-post-thumbnail","hentry","category-administration","category-zbandeau"],"_links":{"self":[{"href":"https:\/\/lyceemauriac.fr\/index.php\/wp-json\/wp\/v2\/posts\/10435","targetHints":{"allow":["GET"]}}],"collection":[{"href":"https:\/\/lyceemauriac.fr\/index.php\/wp-json\/wp\/v2\/posts"}],"about":[{"href":"https:\/\/lyceemauriac.fr\/index.php\/wp-json\/wp\/v2\/types\/post"}],"author":[{"embeddable":true,"href":"https:\/\/lyceemauriac.fr\/index.php\/wp-json\/wp\/v2\/users\/2"}],"replies":[{"embeddable":true,"href":"https:\/\/lyceemauriac.fr\/index.php\/wp-json\/wp\/v2\/comments?post=10435"}],"version-history":[{"count":1,"href":"https:\/\/lyceemauriac.fr\/index.php\/wp-json\/wp\/v2\/posts\/10435\/revisions"}],"predecessor-version":[{"id":10437,"href":"https:\/\/lyceemauriac.fr\/index.php\/wp-json\/wp\/v2\/posts\/10435\/revisions\/10437"}],"wp:featuredmedia":[{"embeddable":true,"href":"https:\/\/lyceemauriac.fr\/index.php\/wp-json\/wp\/v2\/media\/10436"}],"wp:attachment":[{"href":"https:\/\/lyceemauriac.fr\/index.php\/wp-json\/wp\/v2\/media?parent=10435"}],"wp:term":[{"taxonomy":"category","embeddable":true,"href":"https:\/\/lyceemauriac.fr\/index.php\/wp-json\/wp\/v2\/categories?post=10435"},{"taxonomy":"post_tag","embeddable":true,"href":"https:\/\/lyceemauriac.fr\/index.php\/wp-json\/wp\/v2\/tags?post=10435"}],"curies":[{"name":"wp","href":"https:\/\/api.w.org\/{rel}","templated":true}]}}