{"id":10654,"date":"2023-10-18T13:57:34","date_gmt":"2023-10-18T11:57:34","guid":{"rendered":"https:\/\/lyceemauriac.fr\/?p=10654"},"modified":"2023-10-18T13:57:34","modified_gmt":"2023-10-18T11:57:34","slug":"rencontre-avec-lecole-darchitecture-de-bordeaux-4","status":"publish","type":"post","link":"https:\/\/lyceemauriac.fr\/index.php\/2023\/10\/18\/rencontre-avec-lecole-darchitecture-de-bordeaux-4\/","title":{"rendered":"Rencontre avec l&rsquo;Ecole d&rsquo;Architecture de Bordeaux"},"content":{"rendered":"<div class=\"AvecSelectionTexte info-sondage-content \">\n<div id=\"titre_GInterface.Instances[2].Instances[0]_reponse_0\">\n<div><strong>JEUDI 09 NOVEMBRE &#8211; 12H &#8211; salle 1222 (Arts Plastiques)<\/strong><\/div>\n<div><\/div>\n<div>Rencontre avec des enseignants et \u00e9l\u00e8ves de l&rsquo;Ecole d&rsquo;Architecture de Bordeaux : s\u00e9lection, \u00e9tudes, profils, d\u00e9bouch\u00e9s&#8230; et toutes les questions que vous vous posez.<\/div>\n<div><\/div>\n<div>(La fondation Culture et Diversit\u00e9 propose de surcro\u00eet \u00e0 un ou deux \u00e9l\u00e8ves choisis sur dossier d&rsquo;effectuer un stage de pr\u00e9paration d&rsquo;une semaine dans une \u00e9cole d&rsquo;architecture)<\/div>\n<\/div>\n<\/div>\n","protected":false},"excerpt":{"rendered":"<p>JEUDI 09 NOVEMBRE &#8211; 12H &#8211; salle 1222 (Arts Plastiques) Rencontre avec des enseignants et \u00e9l\u00e8ves de l&rsquo;Ecole d&rsquo;Architecture de Bordeaux : s\u00e9lection, \u00e9tudes, profils, d\u00e9bouch\u00e9s&#8230; et toutes les questions que vous vous posez. (La fondation Culture et Diversit\u00e9 propose de surcro\u00eet \u00e0 un ou deux \u00e9l\u00e8ves choisis sur dossier d&rsquo;effectuer un stage de pr\u00e9paration [&hellip;]<\/p>\n","protected":false},"author":9,"featured_media":10655,"comment_status":"closed","ping_status":"open","sticky":false,"template":"","format":"standard","meta":{"footnotes":""},"categories":[1],"tags":[],"class_list":["post-10654","post","type-post","status-publish","format-standard","has-post-thumbnail","hentry","category-non-classe"],"_links":{"self":[{"href":"https:\/\/lyceemauriac.fr\/index.php\/wp-json\/wp\/v2\/posts\/10654","targetHints":{"allow":["GET"]}}],"collection":[{"href":"https:\/\/lyceemauriac.fr\/index.php\/wp-json\/wp\/v2\/posts"}],"about":[{"href":"https:\/\/lyceemauriac.fr\/index.php\/wp-json\/wp\/v2\/types\/post"}],"author":[{"embeddable":true,"href":"https:\/\/lyceemauriac.fr\/index.php\/wp-json\/wp\/v2\/users\/9"}],"replies":[{"embeddable":true,"href":"https:\/\/lyceemauriac.fr\/index.php\/wp-json\/wp\/v2\/comments?post=10654"}],"version-history":[{"count":1,"href":"https:\/\/lyceemauriac.fr\/index.php\/wp-json\/wp\/v2\/posts\/10654\/revisions"}],"predecessor-version":[{"id":10656,"href":"https:\/\/lyceemauriac.fr\/index.php\/wp-json\/wp\/v2\/posts\/10654\/revisions\/10656"}],"wp:featuredmedia":[{"embeddable":true,"href":"https:\/\/lyceemauriac.fr\/index.php\/wp-json\/wp\/v2\/media\/10655"}],"wp:attachment":[{"href":"https:\/\/lyceemauriac.fr\/index.php\/wp-json\/wp\/v2\/media?parent=10654"}],"wp:term":[{"taxonomy":"category","embeddable":true,"href":"https:\/\/lyceemauriac.fr\/index.php\/wp-json\/wp\/v2\/categories?post=10654"},{"taxonomy":"post_tag","embeddable":true,"href":"https:\/\/lyceemauriac.fr\/index.php\/wp-json\/wp\/v2\/tags?post=10654"}],"curies":[{"name":"wp","href":"https:\/\/api.w.org\/{rel}","templated":true}]}}