{"id":10680,"date":"2023-10-23T11:27:37","date_gmt":"2023-10-23T09:27:37","guid":{"rendered":"https:\/\/lyceemauriac.fr\/?p=10680"},"modified":"2023-10-23T11:29:39","modified_gmt":"2023-10-23T09:29:39","slug":"ceremonie-de-remise-des-diplomes-du-baccalaureat","status":"publish","type":"post","link":"https:\/\/lyceemauriac.fr\/index.php\/2023\/10\/23\/ceremonie-de-remise-des-diplomes-du-baccalaureat\/","title":{"rendered":"C\u00e9r\u00e9monie de remise des dipl\u00f4mes du Baccalaur\u00e9at"},"content":{"rendered":"<p>Le lyc\u00e9e est heureux de convier tous les anciens \u00e9l\u00e8ves de Terminale, laur\u00e9ats du Baccalaur\u00e9at session 2023, \u00e0 une c\u00e9r\u00e9monie de remise des dipl\u00f4mes.<\/p>\n<p>Cette c\u00e9r\u00e9monie aura lieu <strong>Vendredi 17 novembre \u00e0 18h00<\/strong> (accueil d\u00e8s 17h30).<\/p>\n<p>Veuillez confirmer votre participation en compl\u00e9tant <a href=\"https:\/\/docs.google.com\/forms\/d\/e\/1FAIpQLSfprI_7e5MgaVvuAnOjY1ecBXx-cSeslwzU8HfwsKOLH0KxfA\/viewform?usp=sf_link\">ce formulaire<\/a>.<\/p>\n","protected":false},"excerpt":{"rendered":"<p>Le lyc\u00e9e est heureux de convier tous les anciens \u00e9l\u00e8ves de Terminale, laur\u00e9ats du Baccalaur\u00e9at session 2023, \u00e0 une c\u00e9r\u00e9monie de remise des dipl\u00f4mes. Cette c\u00e9r\u00e9monie aura lieu Vendredi 17 novembre \u00e0 18h00 (accueil d\u00e8s 17h30). Veuillez confirmer votre participation en compl\u00e9tant ce formulaire.<\/p>\n","protected":false},"author":2,"featured_media":10681,"comment_status":"closed","ping_status":"open","sticky":false,"template":"","format":"standard","meta":{"footnotes":""},"categories":[2],"tags":[],"class_list":["post-10680","post","type-post","status-publish","format-standard","has-post-thumbnail","hentry","category-administration"],"_links":{"self":[{"href":"https:\/\/lyceemauriac.fr\/index.php\/wp-json\/wp\/v2\/posts\/10680","targetHints":{"allow":["GET"]}}],"collection":[{"href":"https:\/\/lyceemauriac.fr\/index.php\/wp-json\/wp\/v2\/posts"}],"about":[{"href":"https:\/\/lyceemauriac.fr\/index.php\/wp-json\/wp\/v2\/types\/post"}],"author":[{"embeddable":true,"href":"https:\/\/lyceemauriac.fr\/index.php\/wp-json\/wp\/v2\/users\/2"}],"replies":[{"embeddable":true,"href":"https:\/\/lyceemauriac.fr\/index.php\/wp-json\/wp\/v2\/comments?post=10680"}],"version-history":[{"count":2,"href":"https:\/\/lyceemauriac.fr\/index.php\/wp-json\/wp\/v2\/posts\/10680\/revisions"}],"predecessor-version":[{"id":10683,"href":"https:\/\/lyceemauriac.fr\/index.php\/wp-json\/wp\/v2\/posts\/10680\/revisions\/10683"}],"wp:featuredmedia":[{"embeddable":true,"href":"https:\/\/lyceemauriac.fr\/index.php\/wp-json\/wp\/v2\/media\/10681"}],"wp:attachment":[{"href":"https:\/\/lyceemauriac.fr\/index.php\/wp-json\/wp\/v2\/media?parent=10680"}],"wp:term":[{"taxonomy":"category","embeddable":true,"href":"https:\/\/lyceemauriac.fr\/index.php\/wp-json\/wp\/v2\/categories?post=10680"},{"taxonomy":"post_tag","embeddable":true,"href":"https:\/\/lyceemauriac.fr\/index.php\/wp-json\/wp\/v2\/tags?post=10680"}],"curies":[{"name":"wp","href":"https:\/\/api.w.org\/{rel}","templated":true}]}}