{"id":10784,"date":"2023-11-30T21:47:21","date_gmt":"2023-11-30T20:47:21","guid":{"rendered":"https:\/\/lyceemauriac.fr\/?p=10784"},"modified":"2023-11-30T21:47:21","modified_gmt":"2023-11-30T20:47:21","slug":"incroyable-performance-champion-departemental-de-cross-unss","status":"publish","type":"post","link":"https:\/\/lyceemauriac.fr\/index.php\/2023\/11\/30\/incroyable-performance-champion-departemental-de-cross-unss\/","title":{"rendered":"Incroyable performance: Champion D\u00e9partemental de Cross UNSS"},"content":{"rendered":"<p>15 \u00e9l\u00e8ves \u00e9taient pr\u00e9sents mercredi 29 novembre au championnat d\u00e9partemental de Cross UNSS.<\/p>\n<p>Lucile V\u00e9ga et Pablo Levesque ont \u00e9t\u00e9 m\u00e9daill\u00e9s et le lyc\u00e9e Mauriac remporte <strong>le titre de champion par \u00e9quipe<\/strong>, se qualifiant pour les championnats acad\u00e9miques qui se tiendront le 20 d\u00e9cembre \u00e0 Mont de Marsan.<\/p>\n<p>L&rsquo;ensemble du groupe s&rsquo;est particuli\u00e8rement illustr\u00e9 avec un \u00e9tat d&rsquo;esprit admirable. Tous et toutes ont fait preuve d&rsquo;un bel engagement pour se d\u00e9passer et r\u00e9aliser leur meilleure prestation.<\/p>\n<p>f\u00e9licitations \u00e0 Lola, Nino, Antonin, Robin, Lucile, Alexis, Liloye, Alexiane, Romane, Pablo, Aubin, Baptiste, Justine et Joao<img loading=\"lazy\" decoding=\"async\" class=\"alignleft size-medium wp-image-10785\" src=\"https:\/\/lyceemauriac.fr\/wp-content\/uploads\/2023\/11\/20231129_153354-200x95.jpg\" alt=\"\" width=\"200\" height=\"95\" srcset=\"https:\/\/lyceemauriac.fr\/wp-content\/uploads\/2023\/11\/20231129_153354-200x95.jpg 200w, https:\/\/lyceemauriac.fr\/wp-content\/uploads\/2023\/11\/20231129_153354-1024x485.jpg 1024w, https:\/\/lyceemauriac.fr\/wp-content\/uploads\/2023\/11\/20231129_153354-768x363.jpg 768w, https:\/\/lyceemauriac.fr\/wp-content\/uploads\/2023\/11\/20231129_153354-1536x727.jpg 1536w, https:\/\/lyceemauriac.fr\/wp-content\/uploads\/2023\/11\/20231129_153354-2048x969.jpg 2048w, https:\/\/lyceemauriac.fr\/wp-content\/uploads\/2023\/11\/20231129_153354-370x175.jpg 370w\" sizes=\"auto, (max-width: 200px) 100vw, 200px\" \/> <img loading=\"lazy\" decoding=\"async\" class=\"alignleft size-medium wp-image-10786\" src=\"https:\/\/lyceemauriac.fr\/wp-content\/uploads\/2023\/11\/20231129_150705-200x95.jpg\" alt=\"\" width=\"200\" height=\"95\" srcset=\"https:\/\/lyceemauriac.fr\/wp-content\/uploads\/2023\/11\/20231129_150705-200x95.jpg 200w, https:\/\/lyceemauriac.fr\/wp-content\/uploads\/2023\/11\/20231129_150705-1024x485.jpg 1024w, https:\/\/lyceemauriac.fr\/wp-content\/uploads\/2023\/11\/20231129_150705-768x363.jpg 768w, https:\/\/lyceemauriac.fr\/wp-content\/uploads\/2023\/11\/20231129_150705-1536x727.jpg 1536w, https:\/\/lyceemauriac.fr\/wp-content\/uploads\/2023\/11\/20231129_150705-2048x969.jpg 2048w, https:\/\/lyceemauriac.fr\/wp-content\/uploads\/2023\/11\/20231129_150705-370x175.jpg 370w\" sizes=\"auto, (max-width: 200px) 100vw, 200px\" \/> <img loading=\"lazy\" decoding=\"async\" class=\"alignleft size-medium wp-image-10787\" src=\"https:\/\/lyceemauriac.fr\/wp-content\/uploads\/2023\/11\/20231129_140729-200x95.jpg\" alt=\"\" width=\"200\" height=\"95\" srcset=\"https:\/\/lyceemauriac.fr\/wp-content\/uploads\/2023\/11\/20231129_140729-200x95.jpg 200w, https:\/\/lyceemauriac.fr\/wp-content\/uploads\/2023\/11\/20231129_140729-1024x485.jpg 1024w, https:\/\/lyceemauriac.fr\/wp-content\/uploads\/2023\/11\/20231129_140729-768x363.jpg 768w, https:\/\/lyceemauriac.fr\/wp-content\/uploads\/2023\/11\/20231129_140729-1536x727.jpg 1536w, https:\/\/lyceemauriac.fr\/wp-content\/uploads\/2023\/11\/20231129_140729-2048x969.jpg 2048w, https:\/\/lyceemauriac.fr\/wp-content\/uploads\/2023\/11\/20231129_140729-370x175.jpg 370w\" sizes=\"auto, (max-width: 200px) 100vw, 200px\" \/> <img loading=\"lazy\" decoding=\"async\" class=\"alignleft size-medium wp-image-10788\" src=\"https:\/\/lyceemauriac.fr\/wp-content\/uploads\/2023\/11\/20231129_143834-200x95.jpg\" alt=\"\" width=\"200\" height=\"95\" srcset=\"https:\/\/lyceemauriac.fr\/wp-content\/uploads\/2023\/11\/20231129_143834-200x95.jpg 200w, https:\/\/lyceemauriac.fr\/wp-content\/uploads\/2023\/11\/20231129_143834-1024x485.jpg 1024w, https:\/\/lyceemauriac.fr\/wp-content\/uploads\/2023\/11\/20231129_143834-768x363.jpg 768w, https:\/\/lyceemauriac.fr\/wp-content\/uploads\/2023\/11\/20231129_143834-1536x727.jpg 1536w, https:\/\/lyceemauriac.fr\/wp-content\/uploads\/2023\/11\/20231129_143834-2048x969.jpg 2048w, https:\/\/lyceemauriac.fr\/wp-content\/uploads\/2023\/11\/20231129_143834-370x175.jpg 370w\" sizes=\"auto, (max-width: 200px) 100vw, 200px\" \/><\/p>\n","protected":false},"excerpt":{"rendered":"<p>15 \u00e9l\u00e8ves \u00e9taient pr\u00e9sents mercredi 29 novembre au championnat d\u00e9partemental de Cross UNSS. Lucile V\u00e9ga et Pablo Levesque ont \u00e9t\u00e9 m\u00e9daill\u00e9s et le lyc\u00e9e Mauriac remporte le titre de champion par \u00e9quipe, se qualifiant pour les championnats acad\u00e9miques qui se tiendront le 20 d\u00e9cembre \u00e0 Mont de Marsan. L&rsquo;ensemble du groupe s&rsquo;est particuli\u00e8rement illustr\u00e9 avec [&hellip;]<\/p>\n","protected":false},"author":46,"featured_media":10785,"comment_status":"closed","ping_status":"open","sticky":false,"template":"","format":"standard","meta":{"footnotes":""},"categories":[23],"tags":[],"class_list":["post-10784","post","type-post","status-publish","format-standard","has-post-thumbnail","hentry","category-association_sportive"],"_links":{"self":[{"href":"https:\/\/lyceemauriac.fr\/index.php\/wp-json\/wp\/v2\/posts\/10784","targetHints":{"allow":["GET"]}}],"collection":[{"href":"https:\/\/lyceemauriac.fr\/index.php\/wp-json\/wp\/v2\/posts"}],"about":[{"href":"https:\/\/lyceemauriac.fr\/index.php\/wp-json\/wp\/v2\/types\/post"}],"author":[{"embeddable":true,"href":"https:\/\/lyceemauriac.fr\/index.php\/wp-json\/wp\/v2\/users\/46"}],"replies":[{"embeddable":true,"href":"https:\/\/lyceemauriac.fr\/index.php\/wp-json\/wp\/v2\/comments?post=10784"}],"version-history":[{"count":2,"href":"https:\/\/lyceemauriac.fr\/index.php\/wp-json\/wp\/v2\/posts\/10784\/revisions"}],"predecessor-version":[{"id":10790,"href":"https:\/\/lyceemauriac.fr\/index.php\/wp-json\/wp\/v2\/posts\/10784\/revisions\/10790"}],"wp:featuredmedia":[{"embeddable":true,"href":"https:\/\/lyceemauriac.fr\/index.php\/wp-json\/wp\/v2\/media\/10785"}],"wp:attachment":[{"href":"https:\/\/lyceemauriac.fr\/index.php\/wp-json\/wp\/v2\/media?parent=10784"}],"wp:term":[{"taxonomy":"category","embeddable":true,"href":"https:\/\/lyceemauriac.fr\/index.php\/wp-json\/wp\/v2\/categories?post=10784"},{"taxonomy":"post_tag","embeddable":true,"href":"https:\/\/lyceemauriac.fr\/index.php\/wp-json\/wp\/v2\/tags?post=10784"}],"curies":[{"name":"wp","href":"https:\/\/api.w.org\/{rel}","templated":true}]}}