{"id":10928,"date":"2024-01-09T20:22:17","date_gmt":"2024-01-09T19:22:17","guid":{"rendered":"https:\/\/lyceemauriac.fr\/?p=10928"},"modified":"2024-01-09T20:22:37","modified_gmt":"2024-01-09T19:22:37","slug":"le-lycee-obtient-le-label-e3d","status":"publish","type":"post","link":"https:\/\/lyceemauriac.fr\/index.php\/2024\/01\/09\/le-lycee-obtient-le-label-e3d\/","title":{"rendered":"Le lyc\u00e9e obtient le label E3D"},"content":{"rendered":"<p>Nous sommes fiers d&rsquo;annoncer que notre \u00e9tablissement a obtenu le label E3D (\u00c9tablissement en D\u00e9marche globale de D\u00e9veloppement Durable).<\/p>\n<p>Ce label reconna\u00eet et encourage notre \u00e9tablissement dans son engagement dans une d\u00e9marche globale de d\u00e9veloppement durable.<\/p>\n<p>Il vient valoriser les actions et projets p\u00e9dagogiques que nous menons dans divers domaines (consommation d\u2019eau et d\u2019\u00e9nergie, collecte des d\u00e9chets, lutte contre le gaspillage alimentaire&#8230;)<\/p>\n","protected":false},"excerpt":{"rendered":"<p>Nous sommes fiers d&rsquo;annoncer que notre \u00e9tablissement a obtenu le label E3D (\u00c9tablissement en D\u00e9marche globale de D\u00e9veloppement Durable). Ce label reconna\u00eet et encourage notre \u00e9tablissement dans son engagement dans une d\u00e9marche globale de d\u00e9veloppement durable. Il vient valoriser les actions et projets p\u00e9dagogiques que nous menons dans divers domaines (consommation d\u2019eau et d\u2019\u00e9nergie, collecte [&hellip;]<\/p>\n","protected":false},"author":2,"featured_media":10929,"comment_status":"closed","ping_status":"open","sticky":false,"template":"","format":"standard","meta":{"footnotes":""},"categories":[2],"tags":[],"class_list":["post-10928","post","type-post","status-publish","format-standard","has-post-thumbnail","hentry","category-administration"],"_links":{"self":[{"href":"https:\/\/lyceemauriac.fr\/index.php\/wp-json\/wp\/v2\/posts\/10928","targetHints":{"allow":["GET"]}}],"collection":[{"href":"https:\/\/lyceemauriac.fr\/index.php\/wp-json\/wp\/v2\/posts"}],"about":[{"href":"https:\/\/lyceemauriac.fr\/index.php\/wp-json\/wp\/v2\/types\/post"}],"author":[{"embeddable":true,"href":"https:\/\/lyceemauriac.fr\/index.php\/wp-json\/wp\/v2\/users\/2"}],"replies":[{"embeddable":true,"href":"https:\/\/lyceemauriac.fr\/index.php\/wp-json\/wp\/v2\/comments?post=10928"}],"version-history":[{"count":2,"href":"https:\/\/lyceemauriac.fr\/index.php\/wp-json\/wp\/v2\/posts\/10928\/revisions"}],"predecessor-version":[{"id":10931,"href":"https:\/\/lyceemauriac.fr\/index.php\/wp-json\/wp\/v2\/posts\/10928\/revisions\/10931"}],"wp:featuredmedia":[{"embeddable":true,"href":"https:\/\/lyceemauriac.fr\/index.php\/wp-json\/wp\/v2\/media\/10929"}],"wp:attachment":[{"href":"https:\/\/lyceemauriac.fr\/index.php\/wp-json\/wp\/v2\/media?parent=10928"}],"wp:term":[{"taxonomy":"category","embeddable":true,"href":"https:\/\/lyceemauriac.fr\/index.php\/wp-json\/wp\/v2\/categories?post=10928"},{"taxonomy":"post_tag","embeddable":true,"href":"https:\/\/lyceemauriac.fr\/index.php\/wp-json\/wp\/v2\/tags?post=10928"}],"curies":[{"name":"wp","href":"https:\/\/api.w.org\/{rel}","templated":true}]}}