{"id":10937,"date":"2024-01-10T15:56:01","date_gmt":"2024-01-10T14:56:01","guid":{"rendered":"https:\/\/lyceemauriac.fr\/?p=10937"},"modified":"2024-01-10T17:00:47","modified_gmt":"2024-01-10T16:00:47","slug":"diaporama-parcoursup-2024","status":"publish","type":"post","link":"https:\/\/lyceemauriac.fr\/index.php\/2024\/01\/10\/diaporama-parcoursup-2024\/","title":{"rendered":"Diaporama Parcoursup 2024"},"content":{"rendered":"<p>Vous retrouverez ci-dessous le diaporama projet\u00e9 lors de la r\u00e9union de pr\u00e9sentation de Parcoursup du le 09 janvier 2024.<\/p>\n<p>Ce diaporama a \u00e9t\u00e9 pr\u00e9par\u00e9 par nos deux Psychologues de l&rsquo;Education Nationale, Emmeline Rogier et Roselyne Salas. Chaque \u00e9l\u00e8ve peut venir les rencontrer au CDI (s&rsquo;inscrire au aupr\u00e8s des documentalistes). Vous pouvez aussi les rencontrer au <a href=\"https:\/\/www.ac-bordeaux.fr\/cio-de-cenon-121745\">CIO de Cenon<\/a>.<\/p>\n<div class=\"_df_book df-lite\" id=\"df_10934\"  _slug=\"diapo_parcoursup_2024\" data-title=\"diapo_parcoursup_2024\" wpoptions=\"true\" thumbtype=\"\" ><\/div><script class=\"df-shortcode-script\" nowprocket type=\"application\/javascript\">window.option_df_10934 = {\"outline\":[],\"autoEnableOutline\":\"false\",\"autoEnableThumbnail\":\"false\",\"overwritePDFOutline\":\"false\",\"direction\":\"1\",\"pageSize\":\"0\",\"source\":\"https:\\\/\\\/lyceemauriac.fr\\\/wp-content\\\/uploads\\\/2024\\\/01\\\/info-parent-tle-janv-2024.pdf\",\"wpOptions\":\"true\"}; if(window.DFLIP && window.DFLIP.parseBooks){window.DFLIP.parseBooks();}<\/script>\n<p><a href=\"https:\/\/lyceemauriac.fr\/wp-content\/uploads\/2024\/01\/info-parent-tle-janv-2024.pdf\" class=\"mtli_attachment mtli_pdf\">T\u00e9l\u00e9charger<\/a> le diaporama<\/p>\n","protected":false},"excerpt":{"rendered":"<p>Vous retrouverez ci-dessous le diaporama projet\u00e9 lors de la r\u00e9union de pr\u00e9sentation de Parcoursup du le 09 janvier 2024. Ce diaporama a \u00e9t\u00e9 pr\u00e9par\u00e9 par nos deux Psychologues de l&rsquo;Education Nationale, Emmeline Rogier et Roselyne Salas. Chaque \u00e9l\u00e8ve peut venir les rencontrer au CDI (s&rsquo;inscrire au aupr\u00e8s des documentalistes). Vous pouvez aussi les rencontrer au [&hellip;]<\/p>\n","protected":false},"author":2,"featured_media":10941,"comment_status":"closed","ping_status":"open","sticky":false,"template":"","format":"standard","meta":{"footnotes":""},"categories":[18],"tags":[],"class_list":["post-10937","post","type-post","status-publish","format-standard","has-post-thumbnail","hentry","category-orientation"],"_links":{"self":[{"href":"https:\/\/lyceemauriac.fr\/index.php\/wp-json\/wp\/v2\/posts\/10937","targetHints":{"allow":["GET"]}}],"collection":[{"href":"https:\/\/lyceemauriac.fr\/index.php\/wp-json\/wp\/v2\/posts"}],"about":[{"href":"https:\/\/lyceemauriac.fr\/index.php\/wp-json\/wp\/v2\/types\/post"}],"author":[{"embeddable":true,"href":"https:\/\/lyceemauriac.fr\/index.php\/wp-json\/wp\/v2\/users\/2"}],"replies":[{"embeddable":true,"href":"https:\/\/lyceemauriac.fr\/index.php\/wp-json\/wp\/v2\/comments?post=10937"}],"version-history":[{"count":3,"href":"https:\/\/lyceemauriac.fr\/index.php\/wp-json\/wp\/v2\/posts\/10937\/revisions"}],"predecessor-version":[{"id":10945,"href":"https:\/\/lyceemauriac.fr\/index.php\/wp-json\/wp\/v2\/posts\/10937\/revisions\/10945"}],"wp:featuredmedia":[{"embeddable":true,"href":"https:\/\/lyceemauriac.fr\/index.php\/wp-json\/wp\/v2\/media\/10941"}],"wp:attachment":[{"href":"https:\/\/lyceemauriac.fr\/index.php\/wp-json\/wp\/v2\/media?parent=10937"}],"wp:term":[{"taxonomy":"category","embeddable":true,"href":"https:\/\/lyceemauriac.fr\/index.php\/wp-json\/wp\/v2\/categories?post=10937"},{"taxonomy":"post_tag","embeddable":true,"href":"https:\/\/lyceemauriac.fr\/index.php\/wp-json\/wp\/v2\/tags?post=10937"}],"curies":[{"name":"wp","href":"https:\/\/api.w.org\/{rel}","templated":true}]}}