{"id":11023,"date":"2024-02-08T17:08:16","date_gmt":"2024-02-08T16:08:16","guid":{"rendered":"https:\/\/lyceemauriac.fr\/?p=11023"},"modified":"2024-02-08T17:16:05","modified_gmt":"2024-02-08T16:16:05","slug":"bilan-de-loperation-telethon","status":"publish","type":"post","link":"https:\/\/lyceemauriac.fr\/index.php\/2024\/02\/08\/bilan-de-loperation-telethon\/","title":{"rendered":"Bilan de l&rsquo;op\u00e9ration T\u00e9l\u00e9thon :"},"content":{"rendered":"<p>Une nouvelle fois la <strong>Maison des Lyc\u00e9ens<\/strong> a eu l&rsquo;immense joie de se joindre \u00e0 l&rsquo;<strong>Association Fran\u00e7aise contre les Myopathies<\/strong> \u00e0 l&rsquo;occasion du week-end du <strong>T\u00e9l\u00e9thon<\/strong>.<\/p>\n<p>Dans la continuit\u00e9 de l&rsquo;ann\u00e9e derni\u00e8re et afin de les aider dans leur collecte de fonds afin de financer des projets de recherche sur les maladies g\u00e9n\u00e9tiques rares, l&rsquo;op\u00e9ration tote-bags fut renouvel\u00e9e.<\/p>\n<p>Cette fois en plus de l&rsquo;\u00e9tablissement nous avons pu nous rendre sur le village T\u00e9l\u00e9thon afin de r\u00e9colter ces fonds dans la bonne humeur et un esprit de f\u00eate.<\/p>\n<p><img loading=\"lazy\" decoding=\"async\" class=\"alignnone wp-image-11025\" src=\"https:\/\/lyceemauriac.fr\/wp-content\/uploads\/2024\/02\/IMG_20231209_161624_1-1024x768.jpg\" alt=\"\" width=\"449\" height=\"337\" srcset=\"https:\/\/lyceemauriac.fr\/wp-content\/uploads\/2024\/02\/IMG_20231209_161624_1-1024x768.jpg 1024w, https:\/\/lyceemauriac.fr\/wp-content\/uploads\/2024\/02\/IMG_20231209_161624_1-200x150.jpg 200w, https:\/\/lyceemauriac.fr\/wp-content\/uploads\/2024\/02\/IMG_20231209_161624_1-768x576.jpg 768w, https:\/\/lyceemauriac.fr\/wp-content\/uploads\/2024\/02\/IMG_20231209_161624_1-1536x1152.jpg 1536w, https:\/\/lyceemauriac.fr\/wp-content\/uploads\/2024\/02\/IMG_20231209_161624_1-2048x1536.jpg 2048w, https:\/\/lyceemauriac.fr\/wp-content\/uploads\/2024\/02\/IMG_20231209_161624_1-333x250.jpg 333w\" sizes=\"auto, (max-width: 449px) 100vw, 449px\" \/><\/p>\n<p><em>(Miracle, Sandre, Oc\u00e9ane, et Hanna essayant de faire revenir un soleil bien trop discret en ce mois de d\u00e9cembre)<\/em><\/p>\n<p>Cette bonne humeur communicative coupl\u00e9e \u00e0 la grande g\u00e9n\u00e9rosit\u00e9 des \u00e9l\u00e8ves (et leurs proches), des personnels de l&rsquo;\u00e9tablissement, et des riverains ont permis de r\u00e9colter cette ann\u00e9e 1000\u20ac en presque 200 sacs vendus.<\/p>\n<p>Il s&rsquo;agit donc sur les deux ans de plus de 400 sacs vendus pour une somme de 1200\u20ac. Un seul mot vient \u00e0 l&rsquo;esprit en faisant ce bilan :<\/p>\n<h1><strong>MERCI !<\/strong><\/h1>\n<p><img loading=\"lazy\" decoding=\"async\" class=\"alignnone size-large wp-image-11026\" src=\"https:\/\/lyceemauriac.fr\/wp-content\/uploads\/2024\/02\/IMG-20240208-WA0006-1024x576.jpg\" alt=\"\" width=\"640\" height=\"360\" srcset=\"https:\/\/lyceemauriac.fr\/wp-content\/uploads\/2024\/02\/IMG-20240208-WA0006-1024x576.jpg 1024w, https:\/\/lyceemauriac.fr\/wp-content\/uploads\/2024\/02\/IMG-20240208-WA0006-200x113.jpg 200w, https:\/\/lyceemauriac.fr\/wp-content\/uploads\/2024\/02\/IMG-20240208-WA0006-768x432.jpg 768w, https:\/\/lyceemauriac.fr\/wp-content\/uploads\/2024\/02\/IMG-20240208-WA0006-1536x864.jpg 1536w, https:\/\/lyceemauriac.fr\/wp-content\/uploads\/2024\/02\/IMG-20240208-WA0006-2048x1152.jpg 2048w, https:\/\/lyceemauriac.fr\/wp-content\/uploads\/2024\/02\/IMG-20240208-WA0006-370x208.jpg 370w\" sizes=\"auto, (max-width: 640px) 100vw, 640px\" \/><\/p>\n<p><em>(avec une telle \u00e9quipe chaque 6 nations est un Grand Chelem !)<\/em><\/p>\n<p>Puisque l&rsquo;heure est aux remerciements, nous en avons quelques uns. En effet notre MDL a la chance d&rsquo;avoir des adh\u00e9rents actifs, comme d&rsquo;autres \u00e9paul\u00e9es par les personnels de l&rsquo;\u00e9tablissement.<\/p>\n<p>Ainsi nous remercions la direction pour ses encouragements, de la confiance de Mme Benzaidi \u00e0 la pr\u00e9sence, contre la pluie, de Mme Mauvais Jarvis. Mme Laguna dont l&rsquo;enthousiasme n&rsquo;a d&rsquo;\u00e9gal que l&rsquo;\u00e9nergie. L&rsquo;ensemble des \u00e9l\u00e8ves ayant aid\u00e9 de pr\u00e8s ou de loin, que ce soit dans la confection, le tri ou la vente des tote-bags. Mention sp\u00e9ciale pour Calixte qui a permis aux nouveaux de prendre en autonomie, Ma\u00ebl et sa disponibilit\u00e9 sans faille, Hanna qui recrute des b\u00e9n\u00e9voles comme personne et bien \u00e9videmment l&rsquo;infatigable Liliana, qui n&rsquo;oublie jamais de rappeler le sens de l&rsquo;action et celui de l&rsquo;engagement de mani\u00e8re g\u00e9n\u00e9rale.<\/p>\n<p>Nous n&rsquo;oublions pas Jean-Marie et Lionel, de l&rsquo;antenne girondine du <strong>T\u00e9l\u00e9thon<\/strong>, pour leur gentillesse, leur entrain et leur engagement, ce fut \u00e0 un nouveau un immense plaisir de travailler \u00e0 leurs c\u00f4t\u00e9s.<\/p>\n<p>Nous vous laissons sur les coulisses de l&rsquo;op\u00e9ration,<\/p>\n<p>Merci encore,<\/p>\n<p>Votre Maison des Lyc\u00e9ens.<\/p>\n<p><img loading=\"lazy\" decoding=\"async\" class=\"alignnone size-large wp-image-11029\" src=\"https:\/\/lyceemauriac.fr\/wp-content\/uploads\/2024\/02\/IMG_20231201_142752-1024x768.jpg\" alt=\"\" width=\"640\" height=\"480\" srcset=\"https:\/\/lyceemauriac.fr\/wp-content\/uploads\/2024\/02\/IMG_20231201_142752-1024x768.jpg 1024w, https:\/\/lyceemauriac.fr\/wp-content\/uploads\/2024\/02\/IMG_20231201_142752-200x150.jpg 200w, https:\/\/lyceemauriac.fr\/wp-content\/uploads\/2024\/02\/IMG_20231201_142752-768x576.jpg 768w, https:\/\/lyceemauriac.fr\/wp-content\/uploads\/2024\/02\/IMG_20231201_142752-1536x1152.jpg 1536w, https:\/\/lyceemauriac.fr\/wp-content\/uploads\/2024\/02\/IMG_20231201_142752-2048x1536.jpg 2048w, https:\/\/lyceemauriac.fr\/wp-content\/uploads\/2024\/02\/IMG_20231201_142752-333x250.jpg 333w\" sizes=\"auto, (max-width: 640px) 100vw, 640px\" \/> <img loading=\"lazy\" decoding=\"async\" class=\"alignnone size-large wp-image-11030\" src=\"https:\/\/lyceemauriac.fr\/wp-content\/uploads\/2024\/02\/IMG-20231207-WA0003-1000x1024.jpg\" alt=\"\" width=\"640\" height=\"655\" srcset=\"https:\/\/lyceemauriac.fr\/wp-content\/uploads\/2024\/02\/IMG-20231207-WA0003-1000x1024.jpg 1000w, https:\/\/lyceemauriac.fr\/wp-content\/uploads\/2024\/02\/IMG-20231207-WA0003-195x200.jpg 195w, https:\/\/lyceemauriac.fr\/wp-content\/uploads\/2024\/02\/IMG-20231207-WA0003-768x786.jpg 768w, https:\/\/lyceemauriac.fr\/wp-content\/uploads\/2024\/02\/IMG-20231207-WA0003-1500x1536.jpg 1500w, https:\/\/lyceemauriac.fr\/wp-content\/uploads\/2024\/02\/IMG-20231207-WA0003-244x250.jpg 244w, https:\/\/lyceemauriac.fr\/wp-content\/uploads\/2024\/02\/IMG-20231207-WA0003.jpg 1563w\" sizes=\"auto, (max-width: 640px) 100vw, 640px\" \/><\/p>\n<p>&nbsp;<\/p>\n<p>&nbsp;<\/p>\n","protected":false},"excerpt":{"rendered":"<p>Une nouvelle fois la Maison des Lyc\u00e9ens a eu l&rsquo;immense joie de se joindre \u00e0 l&rsquo;Association Fran\u00e7aise contre les Myopathies \u00e0 l&rsquo;occasion du week-end du T\u00e9l\u00e9thon. Dans la continuit\u00e9 de l&rsquo;ann\u00e9e derni\u00e8re et afin de les aider dans leur collecte de fonds afin de financer des projets de recherche sur les maladies g\u00e9n\u00e9tiques rares, l&rsquo;op\u00e9ration [&hellip;]<\/p>\n","protected":false},"author":16,"featured_media":11024,"comment_status":"closed","ping_status":"open","sticky":false,"template":"","format":"standard","meta":{"footnotes":""},"categories":[1,14],"tags":[],"class_list":["post-11023","post","type-post","status-publish","format-standard","has-post-thumbnail","hentry","category-non-classe","category-mdl"],"_links":{"self":[{"href":"https:\/\/lyceemauriac.fr\/index.php\/wp-json\/wp\/v2\/posts\/11023","targetHints":{"allow":["GET"]}}],"collection":[{"href":"https:\/\/lyceemauriac.fr\/index.php\/wp-json\/wp\/v2\/posts"}],"about":[{"href":"https:\/\/lyceemauriac.fr\/index.php\/wp-json\/wp\/v2\/types\/post"}],"author":[{"embeddable":true,"href":"https:\/\/lyceemauriac.fr\/index.php\/wp-json\/wp\/v2\/users\/16"}],"replies":[{"embeddable":true,"href":"https:\/\/lyceemauriac.fr\/index.php\/wp-json\/wp\/v2\/comments?post=11023"}],"version-history":[{"count":3,"href":"https:\/\/lyceemauriac.fr\/index.php\/wp-json\/wp\/v2\/posts\/11023\/revisions"}],"predecessor-version":[{"id":11032,"href":"https:\/\/lyceemauriac.fr\/index.php\/wp-json\/wp\/v2\/posts\/11023\/revisions\/11032"}],"wp:featuredmedia":[{"embeddable":true,"href":"https:\/\/lyceemauriac.fr\/index.php\/wp-json\/wp\/v2\/media\/11024"}],"wp:attachment":[{"href":"https:\/\/lyceemauriac.fr\/index.php\/wp-json\/wp\/v2\/media?parent=11023"}],"wp:term":[{"taxonomy":"category","embeddable":true,"href":"https:\/\/lyceemauriac.fr\/index.php\/wp-json\/wp\/v2\/categories?post=11023"},{"taxonomy":"post_tag","embeddable":true,"href":"https:\/\/lyceemauriac.fr\/index.php\/wp-json\/wp\/v2\/tags?post=11023"}],"curies":[{"name":"wp","href":"https:\/\/api.w.org\/{rel}","templated":true}]}}