{"id":11039,"date":"2024-02-10T07:37:18","date_gmt":"2024-02-10T06:37:18","guid":{"rendered":"https:\/\/lyceemauriac.fr\/?p=11039"},"modified":"2024-02-19T15:18:41","modified_gmt":"2024-02-19T14:18:41","slug":"remise-des-prix-du-concours-national-etwinning-a-paris-les-anciens-eleves-de-2nde-de-la-section-europeenne-espagnole-et-leurs-professeures-laureats-pour-leur-projet-manos-a-las-obras","status":"publish","type":"post","link":"https:\/\/lyceemauriac.fr\/index.php\/2024\/02\/10\/remise-des-prix-du-concours-national-etwinning-a-paris-les-anciens-eleves-de-2nde-de-la-section-europeenne-espagnole-et-leurs-professeures-laureats-pour-leur-projet-manos-a-las-obras\/","title":{"rendered":"Remise des prix du concours national eTwinning \u00e0 Paris: les anciens \u00e9l\u00e8ves de 2nde de la section europ\u00e9enne espagnole et leurs professeures laur\u00e9ats pour leur projet \u00ab\u00a0Manos a la[s] obra[s]!"},"content":{"rendered":"\r\n\r\n\r\n<p>Le <strong>mercredi 7 f\u00e9vrier 2024<\/strong> a eu lieu la remise des <strong>prix du concours national eTwinning<\/strong> \u00e0 <strong>Paris<\/strong> au <strong>minist\u00e8re de l&rsquo;Education Nationale<\/strong>. Les <strong>anciens \u00e9l\u00e8ves de 2nde de la section europ\u00e9enne <\/strong>et leurs <strong>professeures Carine Durieux-Ah Fat et Vanessa Sanchez<\/strong> ont remport\u00e9 un <strong>prix national<\/strong> dans la <strong>cat\u00e9gorie \u00ab\u00a0Premiers projets\u00a0\u00bb<\/strong> pour le <strong>travail<\/strong> r\u00e9alis\u00e9 sur le <strong>patrimoine espagnol<\/strong> en partenariat avec le <strong>lyc\u00e9e italien Enrico Medi de Senigallia<\/strong>.<\/p>\r\n\r\n\r\n\r\n<figure class=\"wp-block-image size-large\"><img loading=\"lazy\" decoding=\"async\" width=\"759\" height=\"1024\" class=\"wp-image-11035\" src=\"https:\/\/lyceemauriac.fr\/wp-content\/uploads\/2024\/02\/10000204982776449683681750004-759x1024.jpg\" alt=\"\" srcset=\"https:\/\/lyceemauriac.fr\/wp-content\/uploads\/2024\/02\/10000204982776449683681750004-759x1024.jpg 759w, https:\/\/lyceemauriac.fr\/wp-content\/uploads\/2024\/02\/10000204982776449683681750004-148x200.jpg 148w, https:\/\/lyceemauriac.fr\/wp-content\/uploads\/2024\/02\/10000204982776449683681750004-768x1036.jpg 768w, https:\/\/lyceemauriac.fr\/wp-content\/uploads\/2024\/02\/10000204982776449683681750004-1139x1536.jpg 1139w, https:\/\/lyceemauriac.fr\/wp-content\/uploads\/2024\/02\/10000204982776449683681750004-1518x2048.jpg 1518w, https:\/\/lyceemauriac.fr\/wp-content\/uploads\/2024\/02\/10000204982776449683681750004-185x250.jpg 185w, https:\/\/lyceemauriac.fr\/wp-content\/uploads\/2024\/02\/10000204982776449683681750004.jpg 1560w\" sizes=\"auto, (max-width: 759px) 100vw, 759px\" \/><\/figure>\r\n\r\n\r\n\r\n<figure class=\"wp-block-image size-large\"><img loading=\"lazy\" decoding=\"async\" class=\"alignnone wp-image-11036 size-full\" src=\"https:\/\/lyceemauriac.fr\/wp-content\/uploads\/2024\/02\/17073828510662310526683859606382.jpg\" alt=\"\" width=\"828\" height=\"674\" srcset=\"https:\/\/lyceemauriac.fr\/wp-content\/uploads\/2024\/02\/17073828510662310526683859606382.jpg 828w, https:\/\/lyceemauriac.fr\/wp-content\/uploads\/2024\/02\/17073828510662310526683859606382-200x163.jpg 200w, https:\/\/lyceemauriac.fr\/wp-content\/uploads\/2024\/02\/17073828510662310526683859606382-768x625.jpg 768w, https:\/\/lyceemauriac.fr\/wp-content\/uploads\/2024\/02\/17073828510662310526683859606382-307x250.jpg 307w\" sizes=\"auto, (max-width: 828px) 100vw, 828px\" \/><\/figure>\r\n\r\n\r\n\r\n<figure class=\"wp-block-image\"><img loading=\"lazy\" decoding=\"async\" width=\"200\" height=\"112\" class=\"wp-image-11037\" src=\"https:\/\/lyceemauriac.fr\/wp-content\/uploads\/2024\/02\/etwinning_logo_656x369-16974312974583353915-200x112.jpg\" alt=\"\" srcset=\"https:\/\/lyceemauriac.fr\/wp-content\/uploads\/2024\/02\/etwinning_logo_656x369-16974312974583353915-200x112.jpg 200w, https:\/\/lyceemauriac.fr\/wp-content\/uploads\/2024\/02\/etwinning_logo_656x369-16974312974583353915-370x208.jpg 370w, https:\/\/lyceemauriac.fr\/wp-content\/uploads\/2024\/02\/etwinning_logo_656x369-16974312974583353915.jpg 600w\" sizes=\"auto, (max-width: 200px) 100vw, 200px\" \/><\/figure>\r\n\r\n\r\n\r\n<p>Lors de cette c\u00e9r\u00e9monie, deux \u00e9l\u00e8ves de 1\u00e8re de la section europ\u00e9enne espagnole,\u00a0 <strong>Math\u00e9a Perrin et Jade Valade-Crouzet (1G11) ont repr\u00e9sent\u00e9 leurs camarades<\/strong> et ont <strong>present\u00e9 au minist\u00e8re le projet \u00ab\u00a0Manos a la[s] obra[s]!\u00a0\u00bb<\/strong> r\u00e9alis\u00e9 l&rsquo;ann\u00e9e derni\u00e8re. <strong>Bravo \u00e0 elles et \u00e0 leurs camarades<\/strong> pour cette belle r\u00e9compense qui couronne les efforts r\u00e9alis\u00e9s pour ce beau projet!<\/p>\r\n\r\n\r\n\r\n<figure class=\"wp-block-image size-large\"><a href=\"https:\/\/lyceemauriac.fr\/wp-content\/uploads\/2024\/02\/17073828513118741336869978483325.jpg\"><img loading=\"lazy\" decoding=\"async\" class=\"alignnone wp-image-11038 size-full\" src=\"https:\/\/lyceemauriac.fr\/wp-content\/uploads\/2024\/02\/17073828513118741336869978483325.jpg\" alt=\"\" width=\"828\" height=\"621\" srcset=\"https:\/\/lyceemauriac.fr\/wp-content\/uploads\/2024\/02\/17073828513118741336869978483325.jpg 828w, https:\/\/lyceemauriac.fr\/wp-content\/uploads\/2024\/02\/17073828513118741336869978483325-200x150.jpg 200w, https:\/\/lyceemauriac.fr\/wp-content\/uploads\/2024\/02\/17073828513118741336869978483325-768x576.jpg 768w, https:\/\/lyceemauriac.fr\/wp-content\/uploads\/2024\/02\/17073828513118741336869978483325-333x250.jpg 333w\" sizes=\"auto, (max-width: 828px) 100vw, 828px\" \/><\/a><\/figure>\r\n\r\n\r\n\r\n<p>&nbsp;<\/p>\r\n\r\n\r\n","protected":false},"excerpt":{"rendered":"<p>Le mercredi 7 f\u00e9vrier 2024 a eu lieu la remise des prix du concours national eTwinning \u00e0 Paris au minist\u00e8re de l&rsquo;Education Nationale. Les anciens \u00e9l\u00e8ves de 2nde de la section europ\u00e9enne et leurs professeures Carine Durieux-Ah Fat et Vanessa Sanchez ont remport\u00e9 un prix national dans la cat\u00e9gorie \u00ab\u00a0Premiers projets\u00a0\u00bb pour le travail r\u00e9alis\u00e9 [&hellip;]<\/p>\n","protected":false},"author":57,"featured_media":11065,"comment_status":"closed","ping_status":"open","sticky":false,"template":"","format":"standard","meta":{"footnotes":""},"categories":[1],"tags":[],"class_list":["post-11039","post","type-post","status-publish","format-standard","has-post-thumbnail","hentry","category-non-classe"],"_links":{"self":[{"href":"https:\/\/lyceemauriac.fr\/index.php\/wp-json\/wp\/v2\/posts\/11039","targetHints":{"allow":["GET"]}}],"collection":[{"href":"https:\/\/lyceemauriac.fr\/index.php\/wp-json\/wp\/v2\/posts"}],"about":[{"href":"https:\/\/lyceemauriac.fr\/index.php\/wp-json\/wp\/v2\/types\/post"}],"author":[{"embeddable":true,"href":"https:\/\/lyceemauriac.fr\/index.php\/wp-json\/wp\/v2\/users\/57"}],"replies":[{"embeddable":true,"href":"https:\/\/lyceemauriac.fr\/index.php\/wp-json\/wp\/v2\/comments?post=11039"}],"version-history":[{"count":10,"href":"https:\/\/lyceemauriac.fr\/index.php\/wp-json\/wp\/v2\/posts\/11039\/revisions"}],"predecessor-version":[{"id":11097,"href":"https:\/\/lyceemauriac.fr\/index.php\/wp-json\/wp\/v2\/posts\/11039\/revisions\/11097"}],"wp:featuredmedia":[{"embeddable":true,"href":"https:\/\/lyceemauriac.fr\/index.php\/wp-json\/wp\/v2\/media\/11065"}],"wp:attachment":[{"href":"https:\/\/lyceemauriac.fr\/index.php\/wp-json\/wp\/v2\/media?parent=11039"}],"wp:term":[{"taxonomy":"category","embeddable":true,"href":"https:\/\/lyceemauriac.fr\/index.php\/wp-json\/wp\/v2\/categories?post=11039"},{"taxonomy":"post_tag","embeddable":true,"href":"https:\/\/lyceemauriac.fr\/index.php\/wp-json\/wp\/v2\/tags?post=11039"}],"curies":[{"name":"wp","href":"https:\/\/api.w.org\/{rel}","templated":true}]}}