{"id":11057,"date":"2024-02-14T14:27:43","date_gmt":"2024-02-14T13:27:43","guid":{"rendered":"https:\/\/lyceemauriac.fr\/?p=11057"},"modified":"2024-02-18T12:28:33","modified_gmt":"2024-02-18T11:28:33","slug":"les-basketteurs-de-las-aux-academiques","status":"publish","type":"post","link":"https:\/\/lyceemauriac.fr\/index.php\/2024\/02\/14\/les-basketteurs-de-las-aux-academiques\/","title":{"rendered":"Les basketteurs de l&rsquo;AS aux Acad\u00e9miques"},"content":{"rendered":"<p>F\u00e9licitations aux basketteurs de Mauriac qui ont particip\u00e9 pour la premi\u00e8re fois, mercredi 7 f\u00e9vrier 2024, aux championnats acad\u00e9miques de basketball.<\/p>\n<p>Tim\u00e9o et Jason ont \u00e9t\u00e9 valid\u00e9s en tant qu&rsquo;arbitre de niveau acad\u00e9mique.<\/p>\n<p>Les joueurs Jibril, Andr\u00e9a, Thomas, Ilias, Isma\u00ebl, Jason, Kyllian et Virgil ont eu un premier match difficile mais ont su, gr\u00e2ce au coaching de Kyllian, revenir dans le tournoi pour finir honorablement.<\/p>\n<p><img loading=\"lazy\" decoding=\"async\" class=\"alignleft wp-image-11059 size-full\" src=\"https:\/\/lyceemauriac.fr\/wp-content\/uploads\/2024\/02\/IMG_57901-scaled.jpg\" alt=\"\" width=\"2560\" height=\"1920\" srcset=\"https:\/\/lyceemauriac.fr\/wp-content\/uploads\/2024\/02\/IMG_57901-scaled.jpg 2560w, https:\/\/lyceemauriac.fr\/wp-content\/uploads\/2024\/02\/IMG_57901-200x150.jpg 200w, https:\/\/lyceemauriac.fr\/wp-content\/uploads\/2024\/02\/IMG_57901-1024x768.jpg 1024w, https:\/\/lyceemauriac.fr\/wp-content\/uploads\/2024\/02\/IMG_57901-768x576.jpg 768w, https:\/\/lyceemauriac.fr\/wp-content\/uploads\/2024\/02\/IMG_57901-1536x1152.jpg 1536w, https:\/\/lyceemauriac.fr\/wp-content\/uploads\/2024\/02\/IMG_57901-2048x1536.jpg 2048w, https:\/\/lyceemauriac.fr\/wp-content\/uploads\/2024\/02\/IMG_57901-333x250.jpg 333w\" sizes=\"auto, (max-width: 2560px) 100vw, 2560px\" \/><\/p>\n","protected":false},"excerpt":{"rendered":"<p>F\u00e9licitations aux basketteurs de Mauriac qui ont particip\u00e9 pour la premi\u00e8re fois, mercredi 7 f\u00e9vrier 2024, aux championnats acad\u00e9miques de basketball. Tim\u00e9o et Jason ont \u00e9t\u00e9 valid\u00e9s en tant qu&rsquo;arbitre de niveau acad\u00e9mique. Les joueurs Jibril, Andr\u00e9a, Thomas, Ilias, Isma\u00ebl, Jason, Kyllian et Virgil ont eu un premier match difficile mais ont su, gr\u00e2ce au [&hellip;]<\/p>\n","protected":false},"author":10,"featured_media":11058,"comment_status":"closed","ping_status":"open","sticky":false,"template":"","format":"standard","meta":{"footnotes":""},"categories":[23,39],"tags":[],"class_list":["post-11057","post","type-post","status-publish","format-standard","has-post-thumbnail","hentry","category-association_sportive","category-zbandeau"],"_links":{"self":[{"href":"https:\/\/lyceemauriac.fr\/index.php\/wp-json\/wp\/v2\/posts\/11057","targetHints":{"allow":["GET"]}}],"collection":[{"href":"https:\/\/lyceemauriac.fr\/index.php\/wp-json\/wp\/v2\/posts"}],"about":[{"href":"https:\/\/lyceemauriac.fr\/index.php\/wp-json\/wp\/v2\/types\/post"}],"author":[{"embeddable":true,"href":"https:\/\/lyceemauriac.fr\/index.php\/wp-json\/wp\/v2\/users\/10"}],"replies":[{"embeddable":true,"href":"https:\/\/lyceemauriac.fr\/index.php\/wp-json\/wp\/v2\/comments?post=11057"}],"version-history":[{"count":2,"href":"https:\/\/lyceemauriac.fr\/index.php\/wp-json\/wp\/v2\/posts\/11057\/revisions"}],"predecessor-version":[{"id":11093,"href":"https:\/\/lyceemauriac.fr\/index.php\/wp-json\/wp\/v2\/posts\/11057\/revisions\/11093"}],"wp:featuredmedia":[{"embeddable":true,"href":"https:\/\/lyceemauriac.fr\/index.php\/wp-json\/wp\/v2\/media\/11058"}],"wp:attachment":[{"href":"https:\/\/lyceemauriac.fr\/index.php\/wp-json\/wp\/v2\/media?parent=11057"}],"wp:term":[{"taxonomy":"category","embeddable":true,"href":"https:\/\/lyceemauriac.fr\/index.php\/wp-json\/wp\/v2\/categories?post=11057"},{"taxonomy":"post_tag","embeddable":true,"href":"https:\/\/lyceemauriac.fr\/index.php\/wp-json\/wp\/v2\/tags?post=11057"}],"curies":[{"name":"wp","href":"https:\/\/api.w.org\/{rel}","templated":true}]}}