{"id":11094,"date":"2024-02-18T12:40:47","date_gmt":"2024-02-18T11:40:47","guid":{"rendered":"https:\/\/lyceemauriac.fr\/?p=11094"},"modified":"2024-02-18T12:40:47","modified_gmt":"2024-02-18T11:40:47","slug":"forum-des-parcours-pour-les-eleves-de-1ere","status":"publish","type":"post","link":"https:\/\/lyceemauriac.fr\/index.php\/2024\/02\/18\/forum-des-parcours-pour-les-eleves-de-1ere\/","title":{"rendered":"Forum des parcours pour les \u00e9l\u00e8ves de 1\u00e8re"},"content":{"rendered":"<p>Le vendredi 12 avril de 09h00 \u00e0 12h00 se tiendra la 3\u00e8me \u00e9dition de notre Forum des parcours, destin\u00e9 \u00e0 nos \u00e9l\u00e8ves de 1\u00e8re.<\/p>\n<p>Au programme :<\/p>\n<p><strong>13 ateliers\u00a0<\/strong><\/p>\n<ul>\n<li>m\u00e9tiers du sport<\/li>\n<li>m\u00e9tiers de la sant\u00e9 et du param\u00e9dical<\/li>\n<li>m\u00e9tiers du droit<\/li>\n<li>m\u00e9tiers des sciences politiques<\/li>\n<li>m\u00e9tiers des sciences humaines et sociales<\/li>\n<li>m\u00e9tiers de l\u2019ing\u00e9nierie et des sciences<\/li>\n<li>m\u00e9tiers de la gestion et du commerce<\/li>\n<li>m\u00e9tiers de l\u2019immobilier et de la vente<\/li>\n<li>m\u00e9tiers de l\u2019\u00e9conomie<\/li>\n<li>m\u00e9tiers des langues<\/li>\n<li>m\u00e9tiers des lettres et journalisme<\/li>\n<li>m\u00e9tiers des arts<\/li>\n<li>accompagnement \u00e0 l&rsquo;orientation<\/li>\n<\/ul>\n<p>&nbsp;<\/p>\n<p><strong>6 conf\u00e9rences<\/strong><\/p>\n<ul>\n<li>Femmes et sciences : en avant toutes<\/li>\n<li>Th\u00e9\u00e2tre d\u2019improvisation &#8211; th\u00e8me de l\u2019orientation &#8211; ub montaigne &#8211; acces<\/li>\n<li>Science Po, et apr\u00e8s ?<\/li>\n<li>STMG, comment transformer l\u2019essai ?<\/li>\n<li>Classes pr\u00e9pas litt\u00e9raires, c\u2019est pour moi ?<\/li>\n<li>Classes pr\u00e9pas scientifiques, c\u2019est pour moi ?<\/li>\n<\/ul>\n","protected":false},"excerpt":{"rendered":"<p>Le vendredi 12 avril de 09h00 \u00e0 12h00 se tiendra la 3\u00e8me \u00e9dition de notre Forum des parcours, destin\u00e9 \u00e0 nos \u00e9l\u00e8ves de 1\u00e8re. Au programme : 13 ateliers\u00a0 m\u00e9tiers du sport m\u00e9tiers de la sant\u00e9 et du param\u00e9dical m\u00e9tiers du droit m\u00e9tiers des sciences politiques m\u00e9tiers des sciences humaines et sociales m\u00e9tiers de l\u2019ing\u00e9nierie [&hellip;]<\/p>\n","protected":false},"author":2,"featured_media":11095,"comment_status":"closed","ping_status":"open","sticky":false,"template":"","format":"standard","meta":{"footnotes":""},"categories":[18],"tags":[],"class_list":["post-11094","post","type-post","status-publish","format-standard","has-post-thumbnail","hentry","category-orientation"],"_links":{"self":[{"href":"https:\/\/lyceemauriac.fr\/index.php\/wp-json\/wp\/v2\/posts\/11094","targetHints":{"allow":["GET"]}}],"collection":[{"href":"https:\/\/lyceemauriac.fr\/index.php\/wp-json\/wp\/v2\/posts"}],"about":[{"href":"https:\/\/lyceemauriac.fr\/index.php\/wp-json\/wp\/v2\/types\/post"}],"author":[{"embeddable":true,"href":"https:\/\/lyceemauriac.fr\/index.php\/wp-json\/wp\/v2\/users\/2"}],"replies":[{"embeddable":true,"href":"https:\/\/lyceemauriac.fr\/index.php\/wp-json\/wp\/v2\/comments?post=11094"}],"version-history":[{"count":1,"href":"https:\/\/lyceemauriac.fr\/index.php\/wp-json\/wp\/v2\/posts\/11094\/revisions"}],"predecessor-version":[{"id":11096,"href":"https:\/\/lyceemauriac.fr\/index.php\/wp-json\/wp\/v2\/posts\/11094\/revisions\/11096"}],"wp:featuredmedia":[{"embeddable":true,"href":"https:\/\/lyceemauriac.fr\/index.php\/wp-json\/wp\/v2\/media\/11095"}],"wp:attachment":[{"href":"https:\/\/lyceemauriac.fr\/index.php\/wp-json\/wp\/v2\/media?parent=11094"}],"wp:term":[{"taxonomy":"category","embeddable":true,"href":"https:\/\/lyceemauriac.fr\/index.php\/wp-json\/wp\/v2\/categories?post=11094"},{"taxonomy":"post_tag","embeddable":true,"href":"https:\/\/lyceemauriac.fr\/index.php\/wp-json\/wp\/v2\/tags?post=11094"}],"curies":[{"name":"wp","href":"https:\/\/api.w.org\/{rel}","templated":true}]}}