{"id":11183,"date":"2024-03-15T17:52:52","date_gmt":"2024-03-15T16:52:52","guid":{"rendered":"https:\/\/lyceemauriac.fr\/?p=11183"},"modified":"2024-03-20T19:53:50","modified_gmt":"2024-03-20T18:53:50","slug":"erasmus-job-shadowing-dun-collegue-dostende","status":"publish","type":"post","link":"https:\/\/lyceemauriac.fr\/index.php\/2024\/03\/15\/erasmus-job-shadowing-dun-collegue-dostende\/","title":{"rendered":"Erasmus+: Job shadowing d&rsquo;un coll\u00e8gue d&rsquo;Ostende"},"content":{"rendered":"<p>Cette semaine, nous avons eu le plaisir d&rsquo;accueillir au lyc\u00e9e un coll\u00e8gue, professeur de fran\u00e7ais, qui enseigne au Coll\u00e8ge d&rsquo;Ostende en Belgique.<\/p>\n<p>Voici le site internet de son \u00e9tablissement qui dispose d&rsquo;une magnifique vue !<\/p>\n<p><a href=\"https:\/\/college.petrusenpaulus.be\/\">https:\/\/college.petrusenpaulus.be\/<\/a><\/p>\n<p><img loading=\"lazy\" decoding=\"async\" class=\"alignnone size-medium wp-image-11184\" src=\"https:\/\/lyceemauriac.fr\/wp-content\/uploads\/2024\/03\/IMG-20240315-WA0002-200x150.jpg\" alt=\"\" width=\"200\" height=\"150\" srcset=\"https:\/\/lyceemauriac.fr\/wp-content\/uploads\/2024\/03\/IMG-20240315-WA0002-200x150.jpg 200w, https:\/\/lyceemauriac.fr\/wp-content\/uploads\/2024\/03\/IMG-20240315-WA0002.jpg 259w\" sizes=\"auto, (max-width: 200px) 100vw, 200px\" \/><\/p>\n<p>Il a d\u00e9couvert l&rsquo;\u00e9tablissement et ses diff\u00e9rentes instances (service administratif, CDI). Il a pu \u00e9changer avec nos CPE et AED sur le r\u00f4le de la Vie Scolaire et a rencontr\u00e9 des \u00e9l\u00e8ves qui lui ont pr\u00e9sent\u00e9 la MDL.<\/p>\n<p>Il a \u00e9galement assist\u00e9 \u00e0 diff\u00e9rents cours: philosophie, fran\u00e7ais, anglais, humanit\u00e9s-litt\u00e9rature-philosophie (HLP) et fran\u00e7ais langue seconde (FLS).<\/p>\n<p>Les \u00e9changes ont \u00e9t\u00e9 nombreux et fructueux et nous esp\u00e9rons pouvoir nouer un partenariat durable avec son \u00e9tablissement avec la mise en place de mobilit\u00e9s d\u00e8s la rentr\u00e9e prochaine.<\/p>\n<p><img loading=\"lazy\" decoding=\"async\" class=\"alignnone size-medium wp-image-11189\" src=\"https:\/\/lyceemauriac.fr\/wp-content\/uploads\/2024\/03\/IMG-20240315-WA0000-200x122.jpg\" alt=\"\" width=\"200\" height=\"122\" srcset=\"https:\/\/lyceemauriac.fr\/wp-content\/uploads\/2024\/03\/IMG-20240315-WA0000-200x122.jpg 200w, https:\/\/lyceemauriac.fr\/wp-content\/uploads\/2024\/03\/IMG-20240315-WA0000-1024x624.jpg 1024w, https:\/\/lyceemauriac.fr\/wp-content\/uploads\/2024\/03\/IMG-20240315-WA0000-768x468.jpg 768w, https:\/\/lyceemauriac.fr\/wp-content\/uploads\/2024\/03\/IMG-20240315-WA0000-1536x935.jpg 1536w, https:\/\/lyceemauriac.fr\/wp-content\/uploads\/2024\/03\/IMG-20240315-WA0000-370x225.jpg 370w, https:\/\/lyceemauriac.fr\/wp-content\/uploads\/2024\/03\/IMG-20240315-WA0000.jpg 2000w\" sizes=\"auto, (max-width: 200px) 100vw, 200px\" \/><\/p>\n<p>&nbsp;<\/p>\n","protected":false},"excerpt":{"rendered":"<p>Cette semaine, nous avons eu le plaisir d&rsquo;accueillir au lyc\u00e9e un coll\u00e8gue, professeur de fran\u00e7ais, qui enseigne au Coll\u00e8ge d&rsquo;Ostende en Belgique. Voici le site internet de son \u00e9tablissement qui dispose d&rsquo;une magnifique vue ! https:\/\/college.petrusenpaulus.be\/ Il a d\u00e9couvert l&rsquo;\u00e9tablissement et ses diff\u00e9rentes instances (service administratif, CDI). Il a pu \u00e9changer avec nos CPE et [&hellip;]<\/p>\n","protected":false},"author":55,"featured_media":10363,"comment_status":"closed","ping_status":"open","sticky":false,"template":"","format":"standard","meta":{"footnotes":""},"categories":[79],"tags":[],"class_list":["post-11183","post","type-post","status-publish","format-standard","has-post-thumbnail","hentry","category-erasmus"],"_links":{"self":[{"href":"https:\/\/lyceemauriac.fr\/index.php\/wp-json\/wp\/v2\/posts\/11183","targetHints":{"allow":["GET"]}}],"collection":[{"href":"https:\/\/lyceemauriac.fr\/index.php\/wp-json\/wp\/v2\/posts"}],"about":[{"href":"https:\/\/lyceemauriac.fr\/index.php\/wp-json\/wp\/v2\/types\/post"}],"author":[{"embeddable":true,"href":"https:\/\/lyceemauriac.fr\/index.php\/wp-json\/wp\/v2\/users\/55"}],"replies":[{"embeddable":true,"href":"https:\/\/lyceemauriac.fr\/index.php\/wp-json\/wp\/v2\/comments?post=11183"}],"version-history":[{"count":6,"href":"https:\/\/lyceemauriac.fr\/index.php\/wp-json\/wp\/v2\/posts\/11183\/revisions"}],"predecessor-version":[{"id":11216,"href":"https:\/\/lyceemauriac.fr\/index.php\/wp-json\/wp\/v2\/posts\/11183\/revisions\/11216"}],"wp:featuredmedia":[{"embeddable":true,"href":"https:\/\/lyceemauriac.fr\/index.php\/wp-json\/wp\/v2\/media\/10363"}],"wp:attachment":[{"href":"https:\/\/lyceemauriac.fr\/index.php\/wp-json\/wp\/v2\/media?parent=11183"}],"wp:term":[{"taxonomy":"category","embeddable":true,"href":"https:\/\/lyceemauriac.fr\/index.php\/wp-json\/wp\/v2\/categories?post=11183"},{"taxonomy":"post_tag","embeddable":true,"href":"https:\/\/lyceemauriac.fr\/index.php\/wp-json\/wp\/v2\/tags?post=11183"}],"curies":[{"name":"wp","href":"https:\/\/api.w.org\/{rel}","templated":true}]}}