{"id":11460,"date":"2024-05-30T08:04:03","date_gmt":"2024-05-30T06:04:03","guid":{"rendered":"https:\/\/lyceemauriac.fr\/?p=11460"},"modified":"2024-05-30T08:05:13","modified_gmt":"2024-05-30T06:05:13","slug":"les-tracteurs-du-plan-marshall-dans-la-cour-du-lycee","status":"publish","type":"post","link":"https:\/\/lyceemauriac.fr\/index.php\/2024\/05\/30\/les-tracteurs-du-plan-marshall-dans-la-cour-du-lycee\/","title":{"rendered":"Les tracteurs du Plan Marshall dans la cour du lyc\u00e9e !"},"content":{"rendered":"<div>Le Lyc\u00e9e va accueillir dans la cour 8 tracteurs anciens datant des ann\u00e9es 1950 au d\u00e9but des ann\u00e9es 1970. Il arriveront lundi 3 juin en fin d&rsquo;apr\u00e8s-midi (vers 17h30) et repartiront le mardi 4 juin vers 9h30-10h.<\/div>\n<div>Cet \u00e9v\u00e8nement a lieu dans le cadre d&rsquo;un p\u00e9riple organis\u00e9 par des agriculteurs de deux villages : Saint-Pandelon dans les Landes et Saint-Maxire dans les Deux-S\u00e8vres. Les 8 tracteurs font une exp\u00e9dition des Landes aux Deux-S\u00e8vres, entre ces deux villages jumel\u00e9s, en 8 jours. Bordeaux est leur 3e \u00e9tape. Ils sont accueillis par le mus\u00e9e d&rsquo;Aquitaine et les tracteurs seront pr\u00e9sent\u00e9s devant le mus\u00e9e le lundi apr\u00e8s-midi.<\/div>\n<div>Ces tracteurs sont les t\u00e9moins de la m\u00e9canisation des campagnes fran\u00e7aises apr\u00e8s la Seconde Guerre Mondiale dans le cadre du plan de reconstruction de l\u2019Europe, appel\u00e9 le Plan Marshall et de la p\u00e9riode des Trente Glorieuses.<\/div>\n<div>Il est possible de rencontrer les agriculteurs et de discuter avec eux de leurs machines, de leur m\u00e9tier, de l&rsquo;histoire de la m\u00e9canisation des campagnes, soit lundi 3 apr\u00e8s-midi devant le mus\u00e9e entre 13h30 et 17h, soit au lyc\u00e9e entre 8h30 et 9h30 dans la cour o\u00f9 seront stationn\u00e9s les tracteurs.<\/div>\n<div>Cette manifestation, \u00e0 l&rsquo;initiative de M. Dupin, professeur d\u2019histoire g\u00e9ographie au lyc\u00e9e Fran\u00e7ois Mauriac et \u00e0 Science-Po Bordeaux, s\u2019inscrit dans la programmation des 80 ans de la fin de la Seconde Guerre Mondiale.<\/div>\n","protected":false},"excerpt":{"rendered":"<p>Le Lyc\u00e9e va accueillir dans la cour 8 tracteurs anciens datant des ann\u00e9es 1950 au d\u00e9but des ann\u00e9es 1970. Il arriveront lundi 3 juin en fin d&rsquo;apr\u00e8s-midi (vers 17h30) et repartiront le mardi 4 juin vers 9h30-10h. Cet \u00e9v\u00e8nement a lieu dans le cadre d&rsquo;un p\u00e9riple organis\u00e9 par des agriculteurs de deux villages : Saint-Pandelon [&hellip;]<\/p>\n","protected":false},"author":2,"featured_media":11461,"comment_status":"closed","ping_status":"open","sticky":false,"template":"","format":"standard","meta":{"footnotes":""},"categories":[1],"tags":[],"class_list":["post-11460","post","type-post","status-publish","format-standard","has-post-thumbnail","hentry","category-non-classe"],"_links":{"self":[{"href":"https:\/\/lyceemauriac.fr\/index.php\/wp-json\/wp\/v2\/posts\/11460","targetHints":{"allow":["GET"]}}],"collection":[{"href":"https:\/\/lyceemauriac.fr\/index.php\/wp-json\/wp\/v2\/posts"}],"about":[{"href":"https:\/\/lyceemauriac.fr\/index.php\/wp-json\/wp\/v2\/types\/post"}],"author":[{"embeddable":true,"href":"https:\/\/lyceemauriac.fr\/index.php\/wp-json\/wp\/v2\/users\/2"}],"replies":[{"embeddable":true,"href":"https:\/\/lyceemauriac.fr\/index.php\/wp-json\/wp\/v2\/comments?post=11460"}],"version-history":[{"count":2,"href":"https:\/\/lyceemauriac.fr\/index.php\/wp-json\/wp\/v2\/posts\/11460\/revisions"}],"predecessor-version":[{"id":11463,"href":"https:\/\/lyceemauriac.fr\/index.php\/wp-json\/wp\/v2\/posts\/11460\/revisions\/11463"}],"wp:featuredmedia":[{"embeddable":true,"href":"https:\/\/lyceemauriac.fr\/index.php\/wp-json\/wp\/v2\/media\/11461"}],"wp:attachment":[{"href":"https:\/\/lyceemauriac.fr\/index.php\/wp-json\/wp\/v2\/media?parent=11460"}],"wp:term":[{"taxonomy":"category","embeddable":true,"href":"https:\/\/lyceemauriac.fr\/index.php\/wp-json\/wp\/v2\/categories?post=11460"},{"taxonomy":"post_tag","embeddable":true,"href":"https:\/\/lyceemauriac.fr\/index.php\/wp-json\/wp\/v2\/tags?post=11460"}],"curies":[{"name":"wp","href":"https:\/\/api.w.org\/{rel}","templated":true}]}}