{"id":11465,"date":"2024-05-31T14:24:11","date_gmt":"2024-05-31T12:24:11","guid":{"rendered":"https:\/\/lyceemauriac.fr\/?p=11465"},"modified":"2024-05-31T15:32:49","modified_gmt":"2024-05-31T13:32:49","slug":"le-street-art-en-residence-en-mauriac-du-03-au-07-juin","status":"publish","type":"post","link":"https:\/\/lyceemauriac.fr\/index.php\/2024\/05\/31\/le-street-art-en-residence-en-mauriac-du-03-au-07-juin\/","title":{"rendered":"Le Street Art en r\u00e9sidence \u00e0 Mauriac du 03 au 07 juin"},"content":{"rendered":"<p align=\"justify\">Le lyc\u00e9e Mauriac a \u00e9t\u00e9 retenu pour \u00eatre la r\u00e9sidence d\u2019artiste du graffeur Bordelais MAS WANER.<\/p>\n<p align=\"justify\">C\u2019est l\u2019aboutissement d\u2019une ann\u00e9e de travail et de d\u00e9couverte sur le Street Art local. En effet, le lyc\u00e9e Mauriac est au c\u0153ur d\u2019un art urbain tr\u00e8s riche, situ\u00e9 sur les quais de la rive droite. En mai, deux classes sont all\u00e9es photographier les trois formes du Street Art mais ont surtout appr\u00e9ci\u00e9 les r\u00e9alisations figuratives de l\u2019espace Darwin et l\u2019immense fresque pour comm\u00e9morer les m\u00e9moires de l\u2019esclavage pr\u00e8s de la Fabrique Pola.<\/p>\n<p align=\"justify\">D\u00e8s lundi 3 juin, 50 \u00e9l\u00e8ves, issus de 4 classes de seconde dont les Arts plastiques, r\u00e9aliseront trois fresques sous la direction de MAS WANER et de Mr Lajus, professeur d\u2019Arts Plastiques.<\/p>\n<p align=\"justify\">Ils participeront \u00e9galement \u00e0 trois ateliers, anim\u00e9s par Mme Capin- Mador\u00e9, professeur d\u2019histoire-g\u00e9ographie-EMC et par Madame Collin, professeur d\u2019anglais au lyce\u00e9 Mauriac.<\/p>\n<p align=\"justify\">Les \u00e9l\u00e8ves vont d\u00e9couvrir et pratiquer les diverses techniques du Street Art comme le pochoir, le collage, les stickers\u2026 Pour cela, les \u00e9l\u00e8ves r\u00e9utiliseront et valoriseront d\u2019anciens mat\u00e9riaux scolaires et usuels car le Street Art s\u2019inscrit dans une d\u00e9marche \u00e9co- responsable comme l\u2019ensemble du lyc\u00e9e depuis longtemps.<\/p>\n<p align=\"justify\"><span style=\"color: #0070c0;\"><span lang=\"en-US\">Working on street art is the occasion for our students to discover different taggers from Bordeaux, as well as famous British or American artists like Banksy or Keith Haring. They will also have the great opportunity to practice with the French street artist MAS WANER for a week.<\/span><\/span><\/p>\n<p align=\"justify\"><span id=\"Cadre1\" dir=\"ltr\"><\/span>La connaissance du Street Art est ancienne \u00e0 Mauriac mais elle s\u2019est accentu\u00e9e cette ann\u00e9e gr\u00e2ce \u00e0 la R\u00e9gion Nouvelle Aquitaine qui nous a fait confiance et qui nous a permis d\u2019accueillir un graffeur de grande valeur, MAS WANER. Merci \u00e0 lui d\u2019avoir accept\u00e9 de retourner \u00e0 l\u2019\u00e9cole pour une semaine qui sera inoubliable pour nos 50 \u00e9l\u00e8ves volontaires de seconde<\/p>\n<p align=\"justify\"><a href=\"https:\/\/lyceemauriac.fr\/wp-content\/uploads\/2024\/05\/msa5.png\"><img loading=\"lazy\" decoding=\"async\" class=\"aligncenter size-full wp-image-11466\" src=\"https:\/\/lyceemauriac.fr\/wp-content\/uploads\/2024\/05\/msa5.png\" alt=\"\" width=\"988\" height=\"811\" srcset=\"https:\/\/lyceemauriac.fr\/wp-content\/uploads\/2024\/05\/msa5.png 988w, https:\/\/lyceemauriac.fr\/wp-content\/uploads\/2024\/05\/msa5-200x164.png 200w, https:\/\/lyceemauriac.fr\/wp-content\/uploads\/2024\/05\/msa5-768x630.png 768w, https:\/\/lyceemauriac.fr\/wp-content\/uploads\/2024\/05\/msa5-305x250.png 305w\" sizes=\"auto, (max-width: 988px) 100vw, 988px\" \/><\/a> <a href=\"https:\/\/lyceemauriac.fr\/wp-content\/uploads\/2024\/05\/msa4.png\"><img loading=\"lazy\" decoding=\"async\" class=\"aligncenter size-full wp-image-11467\" src=\"https:\/\/lyceemauriac.fr\/wp-content\/uploads\/2024\/05\/msa4.png\" alt=\"\" width=\"790\" height=\"1008\" srcset=\"https:\/\/lyceemauriac.fr\/wp-content\/uploads\/2024\/05\/msa4.png 790w, https:\/\/lyceemauriac.fr\/wp-content\/uploads\/2024\/05\/msa4-157x200.png 157w, https:\/\/lyceemauriac.fr\/wp-content\/uploads\/2024\/05\/msa4-768x980.png 768w, https:\/\/lyceemauriac.fr\/wp-content\/uploads\/2024\/05\/msa4-196x250.png 196w\" sizes=\"auto, (max-width: 790px) 100vw, 790px\" \/><\/a> <a href=\"https:\/\/lyceemauriac.fr\/wp-content\/uploads\/2024\/05\/msa3.png\"><img loading=\"lazy\" decoding=\"async\" class=\"aligncenter size-full wp-image-11468\" src=\"https:\/\/lyceemauriac.fr\/wp-content\/uploads\/2024\/05\/msa3.png\" alt=\"\" width=\"548\" height=\"653\" srcset=\"https:\/\/lyceemauriac.fr\/wp-content\/uploads\/2024\/05\/msa3.png 548w, https:\/\/lyceemauriac.fr\/wp-content\/uploads\/2024\/05\/msa3-168x200.png 168w, https:\/\/lyceemauriac.fr\/wp-content\/uploads\/2024\/05\/msa3-210x250.png 210w\" sizes=\"auto, (max-width: 548px) 100vw, 548px\" \/><\/a> <a href=\"https:\/\/lyceemauriac.fr\/wp-content\/uploads\/2024\/05\/msa2.png\"><img loading=\"lazy\" decoding=\"async\" class=\"aligncenter size-full wp-image-11469\" src=\"https:\/\/lyceemauriac.fr\/wp-content\/uploads\/2024\/05\/msa2.png\" alt=\"\" width=\"570\" height=\"983\" srcset=\"https:\/\/lyceemauriac.fr\/wp-content\/uploads\/2024\/05\/msa2.png 570w, https:\/\/lyceemauriac.fr\/wp-content\/uploads\/2024\/05\/msa2-116x200.png 116w, https:\/\/lyceemauriac.fr\/wp-content\/uploads\/2024\/05\/msa2-145x250.png 145w\" sizes=\"auto, (max-width: 570px) 100vw, 570px\" \/><\/a><\/p>\n","protected":false},"excerpt":{"rendered":"<p>Le lyc\u00e9e Mauriac a \u00e9t\u00e9 retenu pour \u00eatre la r\u00e9sidence d\u2019artiste du graffeur Bordelais MAS WANER. C\u2019est l\u2019aboutissement d\u2019une ann\u00e9e de travail et de d\u00e9couverte sur le Street Art local. En effet, le lyc\u00e9e Mauriac est au c\u0153ur d\u2019un art urbain tr\u00e8s riche, situ\u00e9 sur les quais de la rive droite. En mai, deux classes [&hellip;]<\/p>\n","protected":false},"author":2,"featured_media":11470,"comment_status":"closed","ping_status":"open","sticky":false,"template":"","format":"standard","meta":{"footnotes":""},"categories":[21],"tags":[],"class_list":["post-11465","post","type-post","status-publish","format-standard","has-post-thumbnail","hentry","category-culture"],"_links":{"self":[{"href":"https:\/\/lyceemauriac.fr\/index.php\/wp-json\/wp\/v2\/posts\/11465","targetHints":{"allow":["GET"]}}],"collection":[{"href":"https:\/\/lyceemauriac.fr\/index.php\/wp-json\/wp\/v2\/posts"}],"about":[{"href":"https:\/\/lyceemauriac.fr\/index.php\/wp-json\/wp\/v2\/types\/post"}],"author":[{"embeddable":true,"href":"https:\/\/lyceemauriac.fr\/index.php\/wp-json\/wp\/v2\/users\/2"}],"replies":[{"embeddable":true,"href":"https:\/\/lyceemauriac.fr\/index.php\/wp-json\/wp\/v2\/comments?post=11465"}],"version-history":[{"count":2,"href":"https:\/\/lyceemauriac.fr\/index.php\/wp-json\/wp\/v2\/posts\/11465\/revisions"}],"predecessor-version":[{"id":11472,"href":"https:\/\/lyceemauriac.fr\/index.php\/wp-json\/wp\/v2\/posts\/11465\/revisions\/11472"}],"wp:featuredmedia":[{"embeddable":true,"href":"https:\/\/lyceemauriac.fr\/index.php\/wp-json\/wp\/v2\/media\/11470"}],"wp:attachment":[{"href":"https:\/\/lyceemauriac.fr\/index.php\/wp-json\/wp\/v2\/media?parent=11465"}],"wp:term":[{"taxonomy":"category","embeddable":true,"href":"https:\/\/lyceemauriac.fr\/index.php\/wp-json\/wp\/v2\/categories?post=11465"},{"taxonomy":"post_tag","embeddable":true,"href":"https:\/\/lyceemauriac.fr\/index.php\/wp-json\/wp\/v2\/tags?post=11465"}],"curies":[{"name":"wp","href":"https:\/\/api.w.org\/{rel}","templated":true}]}}