{"id":11507,"date":"2024-06-03T20:53:23","date_gmt":"2024-06-03T18:53:23","guid":{"rendered":"https:\/\/lyceemauriac.fr\/?p=11507"},"modified":"2024-06-03T20:59:58","modified_gmt":"2024-06-03T18:59:58","slug":"le-lycee-prime-a-un-concours-de-courts-metrages","status":"publish","type":"post","link":"https:\/\/lyceemauriac.fr\/index.php\/2024\/06\/03\/le-lycee-prime-a-un-concours-de-courts-metrages\/","title":{"rendered":"Le lyc\u00e9e prim\u00e9 \u00e0 un concours de courts-m\u00e9trages"},"content":{"rendered":"<p>Des repr\u00e9sentants des classes de 206, 211 et Upe2a \u00e9taient convi\u00e9s lundi 3 juin \u00e0 l&rsquo;h\u00f4tel de r\u00e9gion pour la c\u00e9r\u00e9monie de cl\u00f4ture du concours de courts m\u00e9trages \u00ab\u00a0migrations, citoyennet\u00e9 et video\/\/ courts d&rsquo;histoires\u00a0\u00bb. Le travail des \u00e9l\u00e8ves de Mauriac a bien \u00e9t\u00e9 r\u00e9compens\u00e9 par une place de 3e sur le podium !<\/p>\n<p>Prix remis en personne par l&rsquo;historien Pascal Blanchard. Leur court m\u00e9trage s&rsquo;est distingu\u00e9 car centr\u00e9 sur la m\u00e9moire personnelle migratoire des \u00e9l\u00e8ves.<br \/>\nBravo aux \u00e9l\u00e8ves et \u00e0 leurs enseignant\u00b7e\u00b7s Delphine Delas et Mathieu Renesson.<\/p>\n<p><a href=\"https:\/\/lyceemauriac.fr\/wp-content\/uploads\/2024\/06\/IMG_20240603_195057.jpg\"><img loading=\"lazy\" decoding=\"async\" class=\"aligncenter size-full wp-image-11509\" src=\"https:\/\/lyceemauriac.fr\/wp-content\/uploads\/2024\/06\/IMG_20240603_195057.jpg\" alt=\"\" width=\"798\" height=\"601\" srcset=\"https:\/\/lyceemauriac.fr\/wp-content\/uploads\/2024\/06\/IMG_20240603_195057.jpg 798w, https:\/\/lyceemauriac.fr\/wp-content\/uploads\/2024\/06\/IMG_20240603_195057-200x151.jpg 200w, https:\/\/lyceemauriac.fr\/wp-content\/uploads\/2024\/06\/IMG_20240603_195057-768x578.jpg 768w, https:\/\/lyceemauriac.fr\/wp-content\/uploads\/2024\/06\/IMG_20240603_195057-332x250.jpg 332w\" sizes=\"auto, (max-width: 798px) 100vw, 798px\" \/><\/a><\/p>\n","protected":false},"excerpt":{"rendered":"<p>Des repr\u00e9sentants des classes de 206, 211 et Upe2a \u00e9taient convi\u00e9s lundi 3 juin \u00e0 l&rsquo;h\u00f4tel de r\u00e9gion pour la c\u00e9r\u00e9monie de cl\u00f4ture du concours de courts m\u00e9trages \u00ab\u00a0migrations, citoyennet\u00e9 et video\/\/ courts d&rsquo;histoires\u00a0\u00bb. Le travail des \u00e9l\u00e8ves de Mauriac a bien \u00e9t\u00e9 r\u00e9compens\u00e9 par une place de 3e sur le podium ! Prix remis [&hellip;]<\/p>\n","protected":false},"author":2,"featured_media":11508,"comment_status":"closed","ping_status":"open","sticky":false,"template":"","format":"standard","meta":{"footnotes":""},"categories":[1],"tags":[],"class_list":["post-11507","post","type-post","status-publish","format-standard","has-post-thumbnail","hentry","category-non-classe"],"_links":{"self":[{"href":"https:\/\/lyceemauriac.fr\/index.php\/wp-json\/wp\/v2\/posts\/11507","targetHints":{"allow":["GET"]}}],"collection":[{"href":"https:\/\/lyceemauriac.fr\/index.php\/wp-json\/wp\/v2\/posts"}],"about":[{"href":"https:\/\/lyceemauriac.fr\/index.php\/wp-json\/wp\/v2\/types\/post"}],"author":[{"embeddable":true,"href":"https:\/\/lyceemauriac.fr\/index.php\/wp-json\/wp\/v2\/users\/2"}],"replies":[{"embeddable":true,"href":"https:\/\/lyceemauriac.fr\/index.php\/wp-json\/wp\/v2\/comments?post=11507"}],"version-history":[{"count":1,"href":"https:\/\/lyceemauriac.fr\/index.php\/wp-json\/wp\/v2\/posts\/11507\/revisions"}],"predecessor-version":[{"id":11510,"href":"https:\/\/lyceemauriac.fr\/index.php\/wp-json\/wp\/v2\/posts\/11507\/revisions\/11510"}],"wp:featuredmedia":[{"embeddable":true,"href":"https:\/\/lyceemauriac.fr\/index.php\/wp-json\/wp\/v2\/media\/11508"}],"wp:attachment":[{"href":"https:\/\/lyceemauriac.fr\/index.php\/wp-json\/wp\/v2\/media?parent=11507"}],"wp:term":[{"taxonomy":"category","embeddable":true,"href":"https:\/\/lyceemauriac.fr\/index.php\/wp-json\/wp\/v2\/categories?post=11507"},{"taxonomy":"post_tag","embeddable":true,"href":"https:\/\/lyceemauriac.fr\/index.php\/wp-json\/wp\/v2\/tags?post=11507"}],"curies":[{"name":"wp","href":"https:\/\/api.w.org\/{rel}","templated":true}]}}