{"id":11543,"date":"2024-06-12T17:43:11","date_gmt":"2024-06-12T15:43:11","guid":{"rendered":"https:\/\/lyceemauriac.fr\/?p=11543"},"modified":"2024-06-12T17:43:48","modified_gmt":"2024-06-12T15:43:48","slug":"teleinscription-information-importante","status":"publish","type":"post","link":"https:\/\/lyceemauriac.fr\/index.php\/2024\/06\/12\/teleinscription-information-importante\/","title":{"rendered":"T\u00e9l\u00e9inscription : information importante"},"content":{"rendered":"<p>Les services du Rectorat rencontrent actuellement des probl\u00e8mes pour finaliser la mise \u00e0 disposition de la plateforme de t\u00e9l\u00e9inscription.<\/p>\n<p>En cons\u00e9quence, les inscriptions devant d\u00e9marrer le 13 juin (futurs \u00e9l\u00e8ves de 1\u00e8re G\u00e9n\u00e9rale, futurs \u00e9l\u00e8ves de Terminale) sont report\u00e9es <strong>\u00e0 la semaine prochaine<\/strong>.<\/p>\n<p>Nous ne sommes pas encore en mesure de vous donner une date exacte. D\u00e8s qu\u2019elle sera disponible, vous en serez avertis par Pronote et sur ce site.<\/p>\n<p>Nous vous prions de nous excuser de ce report ind\u00e9pendant de votre volont\u00e9.<\/p>\n","protected":false},"excerpt":{"rendered":"<p>Les services du Rectorat rencontrent actuellement des probl\u00e8mes pour finaliser la mise \u00e0 disposition de la plateforme de t\u00e9l\u00e9inscription. En cons\u00e9quence, les inscriptions devant d\u00e9marrer le 13 juin (futurs \u00e9l\u00e8ves de 1\u00e8re G\u00e9n\u00e9rale, futurs \u00e9l\u00e8ves de Terminale) sont report\u00e9es \u00e0 la semaine prochaine. Nous ne sommes pas encore en mesure de vous donner une date [&hellip;]<\/p>\n","protected":false},"author":2,"featured_media":11544,"comment_status":"closed","ping_status":"open","sticky":false,"template":"","format":"standard","meta":{"footnotes":""},"categories":[2],"tags":[],"class_list":["post-11543","post","type-post","status-publish","format-standard","has-post-thumbnail","hentry","category-administration"],"_links":{"self":[{"href":"https:\/\/lyceemauriac.fr\/index.php\/wp-json\/wp\/v2\/posts\/11543","targetHints":{"allow":["GET"]}}],"collection":[{"href":"https:\/\/lyceemauriac.fr\/index.php\/wp-json\/wp\/v2\/posts"}],"about":[{"href":"https:\/\/lyceemauriac.fr\/index.php\/wp-json\/wp\/v2\/types\/post"}],"author":[{"embeddable":true,"href":"https:\/\/lyceemauriac.fr\/index.php\/wp-json\/wp\/v2\/users\/2"}],"replies":[{"embeddable":true,"href":"https:\/\/lyceemauriac.fr\/index.php\/wp-json\/wp\/v2\/comments?post=11543"}],"version-history":[{"count":2,"href":"https:\/\/lyceemauriac.fr\/index.php\/wp-json\/wp\/v2\/posts\/11543\/revisions"}],"predecessor-version":[{"id":11546,"href":"https:\/\/lyceemauriac.fr\/index.php\/wp-json\/wp\/v2\/posts\/11543\/revisions\/11546"}],"wp:featuredmedia":[{"embeddable":true,"href":"https:\/\/lyceemauriac.fr\/index.php\/wp-json\/wp\/v2\/media\/11544"}],"wp:attachment":[{"href":"https:\/\/lyceemauriac.fr\/index.php\/wp-json\/wp\/v2\/media?parent=11543"}],"wp:term":[{"taxonomy":"category","embeddable":true,"href":"https:\/\/lyceemauriac.fr\/index.php\/wp-json\/wp\/v2\/categories?post=11543"},{"taxonomy":"post_tag","embeddable":true,"href":"https:\/\/lyceemauriac.fr\/index.php\/wp-json\/wp\/v2\/tags?post=11543"}],"curies":[{"name":"wp","href":"https:\/\/api.w.org\/{rel}","templated":true}]}}