{"id":11579,"date":"2024-06-20T21:14:38","date_gmt":"2024-06-20T19:14:38","guid":{"rendered":"https:\/\/lyceemauriac.fr\/?p=11579"},"modified":"2024-07-02T18:49:49","modified_gmt":"2024-07-02T16:49:49","slug":"teleinscription-voici-les-dates-douverture","status":"publish","type":"post","link":"https:\/\/lyceemauriac.fr\/index.php\/2024\/06\/20\/teleinscription-voici-les-dates-douverture\/","title":{"rendered":"T\u00e9l\u00e9inscription : les dates d&rsquo;ouverture"},"content":{"rendered":"<p><span style=\"color: #ff0000;\">Suite aux diff\u00e9rents dysfonctionnements qu&rsquo;a rencontr\u00e9s la plateforme nationale de t\u00e9l\u00e9inscription, il a \u00e9t\u00e9 d\u00e9cid\u00e9 que la date limite de t\u00e9l\u00e9inscription serait le <strong>vendredi 05 juillet<\/strong>.<\/span><\/p>\n<p>Attention, n&rsquo;attendez pas cette date pour votre faire votre inscription, notamment \u00e0 cause des pi\u00e8ces justificatives qui peuvent vous \u00eatre demand\u00e9es.<\/p>\n<p>&nbsp;<\/p>\n<p><a href=\"https:\/\/lyceemauriac.fr\/wp-content\/uploads\/2024\/06\/insc17.png\"><img loading=\"lazy\" decoding=\"async\" class=\"aligncenter size-full wp-image-11596\" src=\"https:\/\/lyceemauriac.fr\/wp-content\/uploads\/2024\/06\/insc17.png\" alt=\"\" width=\"735\" height=\"254\" srcset=\"https:\/\/lyceemauriac.fr\/wp-content\/uploads\/2024\/06\/insc17.png 735w, https:\/\/lyceemauriac.fr\/wp-content\/uploads\/2024\/06\/insc17-200x69.png 200w, https:\/\/lyceemauriac.fr\/wp-content\/uploads\/2024\/06\/insc17-370x128.png 370w\" sizes=\"auto, (max-width: 735px) 100vw, 735px\" \/><\/a><\/p>\n<p>Pour rappel, les modalit\u00e9s de cette t\u00e9l\u00e9inscription sont disponibles sur <a href=\"https:\/\/lyceemauriac.fr\/index.php\/teleinscription-rentree-2024\/\">cette page<\/a>.<\/p>\n","protected":false},"excerpt":{"rendered":"<p>Suite aux diff\u00e9rents dysfonctionnements qu&rsquo;a rencontr\u00e9s la plateforme nationale de t\u00e9l\u00e9inscription, il a \u00e9t\u00e9 d\u00e9cid\u00e9 que la date limite de t\u00e9l\u00e9inscription serait le vendredi 05 juillet. Attention, n&rsquo;attendez pas cette date pour votre faire votre inscription, notamment \u00e0 cause des pi\u00e8ces justificatives qui peuvent vous \u00eatre demand\u00e9es. &nbsp; Pour rappel, les modalit\u00e9s de cette t\u00e9l\u00e9inscription [&hellip;]<\/p>\n","protected":false},"author":2,"featured_media":11580,"comment_status":"closed","ping_status":"open","sticky":false,"template":"","format":"standard","meta":{"footnotes":""},"categories":[2],"tags":[],"class_list":["post-11579","post","type-post","status-publish","format-standard","has-post-thumbnail","hentry","category-administration"],"_links":{"self":[{"href":"https:\/\/lyceemauriac.fr\/index.php\/wp-json\/wp\/v2\/posts\/11579","targetHints":{"allow":["GET"]}}],"collection":[{"href":"https:\/\/lyceemauriac.fr\/index.php\/wp-json\/wp\/v2\/posts"}],"about":[{"href":"https:\/\/lyceemauriac.fr\/index.php\/wp-json\/wp\/v2\/types\/post"}],"author":[{"embeddable":true,"href":"https:\/\/lyceemauriac.fr\/index.php\/wp-json\/wp\/v2\/users\/2"}],"replies":[{"embeddable":true,"href":"https:\/\/lyceemauriac.fr\/index.php\/wp-json\/wp\/v2\/comments?post=11579"}],"version-history":[{"count":5,"href":"https:\/\/lyceemauriac.fr\/index.php\/wp-json\/wp\/v2\/posts\/11579\/revisions"}],"predecessor-version":[{"id":11610,"href":"https:\/\/lyceemauriac.fr\/index.php\/wp-json\/wp\/v2\/posts\/11579\/revisions\/11610"}],"wp:featuredmedia":[{"embeddable":true,"href":"https:\/\/lyceemauriac.fr\/index.php\/wp-json\/wp\/v2\/media\/11580"}],"wp:attachment":[{"href":"https:\/\/lyceemauriac.fr\/index.php\/wp-json\/wp\/v2\/media?parent=11579"}],"wp:term":[{"taxonomy":"category","embeddable":true,"href":"https:\/\/lyceemauriac.fr\/index.php\/wp-json\/wp\/v2\/categories?post=11579"},{"taxonomy":"post_tag","embeddable":true,"href":"https:\/\/lyceemauriac.fr\/index.php\/wp-json\/wp\/v2\/tags?post=11579"}],"curies":[{"name":"wp","href":"https:\/\/api.w.org\/{rel}","templated":true}]}}