{"id":11649,"date":"2024-07-12T18:17:02","date_gmt":"2024-07-12T16:17:02","guid":{"rendered":"https:\/\/lyceemauriac.fr\/?p=11649"},"modified":"2024-07-12T22:17:32","modified_gmt":"2024-07-12T20:17:32","slug":"les-resultats-du-baccalaureat-2","status":"publish","type":"post","link":"https:\/\/lyceemauriac.fr\/index.php\/2024\/07\/12\/les-resultats-du-baccalaureat-2\/","title":{"rendered":"Les r\u00e9sultats du baccalaur\u00e9at"},"content":{"rendered":"<p>Voici les r\u00e9sultats de nos \u00e9l\u00e8ves \u00e0 la session de juin du baccalaur\u00e9at 2024 :<\/p>\n<ul>\n<li>Bac G\u00e9n\u00e9ral :\u00a0 94 % de r\u00e9ussite<\/li>\n<li>Bac STMG : 94,4 % de r\u00e9ussite<\/li>\n<\/ul>\n<p>Plus de 70% de nos \u00e9l\u00e8ves ont obtenu une mention.<\/p>\n<p>F\u00e9licitations \u00e0 tous nos laur\u00e9ats et \u00e0 nos enseignants !<\/p>\n<p>Mention particuli\u00e8re aux six \u00e9l\u00e8ves ayant obtenu les tr\u00e8s rares F\u00e9licitations du Jury (attribu\u00e9es lorsque la moyenne g\u00e9n\u00e9rale est sup\u00e9rieure ou \u00e9gale \u00e0 18) :<\/p>\n<p>Lilou-Eini Beney-Belhadj, Rapha\u00eblle Brisse&#8211;Delclaux, Amandine Marty, Charlotte Balinska&#8211;Lalanne, Orian Kazzi, et Emma Gasson.<\/p>\n<p>Cette derni\u00e8re, class\u00e9e parmi les dix meilleurs bacheliers de l&rsquo;acad\u00e9mie, a eu le privil\u00e8ge d&rsquo;\u00eatre <a href=\"https:\/\/www.sudouest.fr\/politique\/education\/il-a-eu-19-5-de-moyenne-toute-l-annee-les-meilleurs-bacheliers-de-l-academie-de-bordeaux-recompenses-20537973.php\">invit\u00e9e au rectorat<\/a> le vendredi 12 juillet pour y recevoir son dipl\u00f4me. Elle s&rsquo;y est rendue accompagn\u00e9e de notre proviseure Mme Benza\u00efdi ainsi que de l&rsquo;enseignante Mme Bourmaud-Danto, qu&rsquo;elle a souhait\u00e9 associer \u00e0 sa r\u00e9ussite. Un grand bravo !<\/p>\n<p>Soulignons que c&rsquo;est la <a href=\"https:\/\/lyceemauriac.fr\/index.php\/2023\/07\/13\/les-resultats-du-baccalaureat\/\">deuxi\u00e8me ann\u00e9e cons\u00e9cutive<\/a> que notre lyc\u00e9e compte une \u00e9l\u00e8ve class\u00e9e dans le Top10 de l&rsquo;acad\u00e9mie !<\/p>\n<p><a href=\"https:\/\/lyceemauriac.fr\/wp-content\/uploads\/2024\/07\/IMG_2617.jpg.jpeg\"><img loading=\"lazy\" decoding=\"async\" class=\"aligncenter size-full wp-image-11650\" src=\"https:\/\/lyceemauriac.fr\/wp-content\/uploads\/2024\/07\/IMG_2617.jpg.jpeg\" alt=\"\" width=\"640\" height=\"480\" srcset=\"https:\/\/lyceemauriac.fr\/wp-content\/uploads\/2024\/07\/IMG_2617.jpg.jpeg 640w, https:\/\/lyceemauriac.fr\/wp-content\/uploads\/2024\/07\/IMG_2617.jpg-200x150.jpeg 200w, https:\/\/lyceemauriac.fr\/wp-content\/uploads\/2024\/07\/IMG_2617.jpg-333x250.jpeg 333w\" sizes=\"auto, (max-width: 640px) 100vw, 640px\" \/><\/a><\/p>\n<p>&nbsp;<\/p>\n","protected":false},"excerpt":{"rendered":"<p>Voici les r\u00e9sultats de nos \u00e9l\u00e8ves \u00e0 la session de juin du baccalaur\u00e9at 2024 : Bac G\u00e9n\u00e9ral :\u00a0 94 % de r\u00e9ussite Bac STMG : 94,4 % de r\u00e9ussite Plus de 70% de nos \u00e9l\u00e8ves ont obtenu une mention. F\u00e9licitations \u00e0 tous nos laur\u00e9ats et \u00e0 nos enseignants ! Mention particuli\u00e8re aux six \u00e9l\u00e8ves ayant [&hellip;]<\/p>\n","protected":false},"author":2,"featured_media":10383,"comment_status":"closed","ping_status":"open","sticky":false,"template":"","format":"standard","meta":{"footnotes":""},"categories":[2],"tags":[],"class_list":["post-11649","post","type-post","status-publish","format-standard","has-post-thumbnail","hentry","category-administration"],"_links":{"self":[{"href":"https:\/\/lyceemauriac.fr\/index.php\/wp-json\/wp\/v2\/posts\/11649","targetHints":{"allow":["GET"]}}],"collection":[{"href":"https:\/\/lyceemauriac.fr\/index.php\/wp-json\/wp\/v2\/posts"}],"about":[{"href":"https:\/\/lyceemauriac.fr\/index.php\/wp-json\/wp\/v2\/types\/post"}],"author":[{"embeddable":true,"href":"https:\/\/lyceemauriac.fr\/index.php\/wp-json\/wp\/v2\/users\/2"}],"replies":[{"embeddable":true,"href":"https:\/\/lyceemauriac.fr\/index.php\/wp-json\/wp\/v2\/comments?post=11649"}],"version-history":[{"count":4,"href":"https:\/\/lyceemauriac.fr\/index.php\/wp-json\/wp\/v2\/posts\/11649\/revisions"}],"predecessor-version":[{"id":11654,"href":"https:\/\/lyceemauriac.fr\/index.php\/wp-json\/wp\/v2\/posts\/11649\/revisions\/11654"}],"wp:featuredmedia":[{"embeddable":true,"href":"https:\/\/lyceemauriac.fr\/index.php\/wp-json\/wp\/v2\/media\/10383"}],"wp:attachment":[{"href":"https:\/\/lyceemauriac.fr\/index.php\/wp-json\/wp\/v2\/media?parent=11649"}],"wp:term":[{"taxonomy":"category","embeddable":true,"href":"https:\/\/lyceemauriac.fr\/index.php\/wp-json\/wp\/v2\/categories?post=11649"},{"taxonomy":"post_tag","embeddable":true,"href":"https:\/\/lyceemauriac.fr\/index.php\/wp-json\/wp\/v2\/tags?post=11649"}],"curies":[{"name":"wp","href":"https:\/\/api.w.org\/{rel}","templated":true}]}}