{"id":11660,"date":"2024-08-27T16:40:55","date_gmt":"2024-08-27T14:40:55","guid":{"rendered":"https:\/\/lyceemauriac.fr\/?p=11660"},"modified":"2024-08-27T16:40:55","modified_gmt":"2024-08-27T14:40:55","slug":"les-informations-de-rentree","status":"publish","type":"post","link":"https:\/\/lyceemauriac.fr\/index.php\/2024\/08\/27\/les-informations-de-rentree\/","title":{"rendered":"Les informations de rentr\u00e9e"},"content":{"rendered":"<p>Vous trouverez ci-dessous les informations relatives \u00e0 la semaine de rentr\u00e9e :<\/p>\n<div style=\"width: 528px;\" class=\"wp-video\"><!--[if lt IE 9]><script>document.createElement('video');<\/script><![endif]-->\n<video class=\"wp-video-shortcode\" id=\"video-11660-1\" width=\"528\" height=\"528\" preload=\"metadata\" controls=\"controls\"><source type=\"video\/mp4\" src=\"https:\/\/lyceemauriac.fr\/wp-content\/uploads\/2024\/08\/Rentree-2024-eleves-information.mp4?_=1\" \/><a href=\"https:\/\/lyceemauriac.fr\/wp-content\/uploads\/2024\/08\/Rentree-2024-eleves-information.mp4\">https:\/\/lyceemauriac.fr\/wp-content\/uploads\/2024\/08\/Rentree-2024-eleves-information.mp4<\/a><\/video><\/div>\n<p>&nbsp;<\/p>\n<p>Ces informations sont aussi disponibles <a href=\"https:\/\/lyceemauriac.fr\/index.php\/2024\/07\/03\/information-rentree-septembre-2024\/\">sur cette page<\/a>.<\/p>\n","protected":false},"excerpt":{"rendered":"<p>Vous trouverez ci-dessous les informations relatives \u00e0 la semaine de rentr\u00e9e : &nbsp; Ces informations sont aussi disponibles sur cette page.<\/p>\n","protected":false},"author":2,"featured_media":11661,"comment_status":"closed","ping_status":"open","sticky":false,"template":"","format":"standard","meta":{"footnotes":""},"categories":[2],"tags":[],"class_list":["post-11660","post","type-post","status-publish","format-standard","has-post-thumbnail","hentry","category-administration"],"_links":{"self":[{"href":"https:\/\/lyceemauriac.fr\/index.php\/wp-json\/wp\/v2\/posts\/11660","targetHints":{"allow":["GET"]}}],"collection":[{"href":"https:\/\/lyceemauriac.fr\/index.php\/wp-json\/wp\/v2\/posts"}],"about":[{"href":"https:\/\/lyceemauriac.fr\/index.php\/wp-json\/wp\/v2\/types\/post"}],"author":[{"embeddable":true,"href":"https:\/\/lyceemauriac.fr\/index.php\/wp-json\/wp\/v2\/users\/2"}],"replies":[{"embeddable":true,"href":"https:\/\/lyceemauriac.fr\/index.php\/wp-json\/wp\/v2\/comments?post=11660"}],"version-history":[{"count":1,"href":"https:\/\/lyceemauriac.fr\/index.php\/wp-json\/wp\/v2\/posts\/11660\/revisions"}],"predecessor-version":[{"id":11663,"href":"https:\/\/lyceemauriac.fr\/index.php\/wp-json\/wp\/v2\/posts\/11660\/revisions\/11663"}],"wp:featuredmedia":[{"embeddable":true,"href":"https:\/\/lyceemauriac.fr\/index.php\/wp-json\/wp\/v2\/media\/11661"}],"wp:attachment":[{"href":"https:\/\/lyceemauriac.fr\/index.php\/wp-json\/wp\/v2\/media?parent=11660"}],"wp:term":[{"taxonomy":"category","embeddable":true,"href":"https:\/\/lyceemauriac.fr\/index.php\/wp-json\/wp\/v2\/categories?post=11660"},{"taxonomy":"post_tag","embeddable":true,"href":"https:\/\/lyceemauriac.fr\/index.php\/wp-json\/wp\/v2\/tags?post=11660"}],"curies":[{"name":"wp","href":"https:\/\/api.w.org\/{rel}","templated":true}]}}