{"id":12478,"date":"2025-07-11T15:41:54","date_gmt":"2025-07-11T13:41:54","guid":{"rendered":"https:\/\/lyceemauriac.fr\/?p=12478"},"modified":"2025-07-12T11:07:31","modified_gmt":"2025-07-12T09:07:31","slug":"initiation-et-decouverte-de-la-culture-flamenca-en-section-europeenne-espagnole","status":"publish","type":"post","link":"https:\/\/lyceemauriac.fr\/index.php\/2025\/07\/11\/initiation-et-decouverte-de-la-culture-flamenca-en-section-europeenne-espagnole\/","title":{"rendered":"Initiation et d\u00e9couverte de la culture flamenca en Section europ\u00e9enne espagnole"},"content":{"rendered":"<p>Afin d&rsquo;approfondir leur connaissance de la culture hispanique, <strong>tous les \u00e9l\u00e8ves de la Section Europ\u00e9enne Espagnole (2nde, 1\u00e8re et Terminale)<\/strong> ont particip\u00e9 \u00e0 <strong>deux s\u00e9ances de pratique et d\u00e9couverte de la culture flamenca<\/strong> entre les mois de mars et mai 2025.<\/p>\n<p>Inscrites dans leur <strong>parcours d&rsquo;\u00e9ducation artistique et culturelle<\/strong>, ces deux s\u00e9ances ont \u00e9t\u00e9 <strong>conduites par Samantha Alcon, danseuse et chor\u00e9graphe professionnelle<\/strong>, qui transmet <strong>son expertise et sa p\u00e9dagogie par l&rsquo;enseignement<\/strong> aupr\u00e8s de publics tr\u00e8s diversifi\u00e9s, notamment scolaires.<\/p>\n<figure id=\"attachment_12483\" aria-describedby=\"caption-attachment-12483\" style=\"width: 295px\" class=\"wp-caption aligncenter\"><img loading=\"lazy\" decoding=\"async\" class=\"wp-image-12483\" src=\"https:\/\/lyceemauriac.fr\/wp-content\/uploads\/2025\/07\/Sans-titre-1024x621.jpg\" alt=\"\" width=\"295\" height=\"179\" srcset=\"https:\/\/lyceemauriac.fr\/wp-content\/uploads\/2025\/07\/Sans-titre-1024x621.jpg 1024w, https:\/\/lyceemauriac.fr\/wp-content\/uploads\/2025\/07\/Sans-titre-200x121.jpg 200w, https:\/\/lyceemauriac.fr\/wp-content\/uploads\/2025\/07\/Sans-titre-768x466.jpg 768w, https:\/\/lyceemauriac.fr\/wp-content\/uploads\/2025\/07\/Sans-titre-1536x932.jpg 1536w, https:\/\/lyceemauriac.fr\/wp-content\/uploads\/2025\/07\/Sans-titre-2048x1243.jpg 2048w, https:\/\/lyceemauriac.fr\/wp-content\/uploads\/2025\/07\/Sans-titre-370x225.jpg 370w\" sizes=\"auto, (max-width: 295px) 100vw, 295px\" \/><figcaption id=\"caption-attachment-12483\" class=\"wp-caption-text\">SAmantha Alcon durant la 1\u00e8re s\u00e9ance<\/figcaption><\/figure>\n<p><strong>En mars 2025,<\/strong> elle a propos\u00e9 aux \u00e9l\u00e8ves <strong>une premi\u00e8re s\u00e9ance d&rsquo;apports th\u00e9oriques de deux heures pour leur pr\u00e9senter l&rsquo;histoire du flamenco<\/strong> ainsi que ses <strong>caract\u00e9ristiques principales sur le plan musical (cante, toque&#8230;), rythmique et chor\u00e9graphique.<\/strong> Au travers d&rsquo;une v\u00e9ritable <strong>g\u00e9ographie du flamenco<\/strong> ils ont pu appr\u00e9hender la <strong>complexit\u00e9 <\/strong>de cette <strong>culture inscrite par l&rsquo;UNESCO au Patrimoine culturel immat\u00e9riel de l&rsquo;humanit\u00e9 en 2010<\/strong>. Ainsi, ils ont<strong> d\u00e9couvert 4 exemples de styles (palos)<\/strong> avec leurs <strong>musicalit\u00e9s et rythmiques diff\u00e9rentes (compas): Tango, Buler\u00eda de Jerez, Fandango de Huelva et Alegr\u00eda de C\u00e1diz.<\/strong> Par des \u00e9coutes et l&rsquo;\u00e9tude des <strong>percussions corporelles, les palmas,<\/strong> ils ont appris \u00e0 les reconna\u00eetre et \u00e0 en frapper le rythme. La s\u00e9ance s&rsquo;est conclue sur la <strong>pr\u00e9sentation du texte d&rsquo;une letra (couplet) d&rsquo;un Tango<\/strong> dont les modifications t\u00e9moignent des <strong>conflits et changements politiques qui ont marqu\u00e9 l&rsquo;Espagne au XXe si\u00e8cle<\/strong>, et pour laquelle <strong>les \u00e9l\u00e8ves devaient effectuer des recherches pour la s\u00e9ance suivante. <\/strong><\/p>\n<figure id=\"attachment_12481\" aria-describedby=\"caption-attachment-12481\" style=\"width: 301px\" class=\"wp-caption aligncenter\"><img loading=\"lazy\" decoding=\"async\" class=\"wp-image-12481\" src=\"https:\/\/lyceemauriac.fr\/wp-content\/uploads\/2025\/07\/IMG_20250325_135737_HDR-1-1024x759.jpg\" alt=\"\" width=\"301\" height=\"223\" srcset=\"https:\/\/lyceemauriac.fr\/wp-content\/uploads\/2025\/07\/IMG_20250325_135737_HDR-1-1024x759.jpg 1024w, https:\/\/lyceemauriac.fr\/wp-content\/uploads\/2025\/07\/IMG_20250325_135737_HDR-1-200x148.jpg 200w, https:\/\/lyceemauriac.fr\/wp-content\/uploads\/2025\/07\/IMG_20250325_135737_HDR-1-768x569.jpg 768w, https:\/\/lyceemauriac.fr\/wp-content\/uploads\/2025\/07\/IMG_20250325_135737_HDR-1-1536x1139.jpg 1536w, https:\/\/lyceemauriac.fr\/wp-content\/uploads\/2025\/07\/IMG_20250325_135737_HDR-1-2048x1518.jpg 2048w, https:\/\/lyceemauriac.fr\/wp-content\/uploads\/2025\/07\/IMG_20250325_135737_HDR-1-337x250.jpg 337w\" sizes=\"auto, (max-width: 301px) 100vw, 301px\" \/><figcaption id=\"caption-attachment-12481\" class=\"wp-caption-text\">Les \u00e9l\u00e8ves de Terminale d\u00e9couvrent les palmas de Tango<\/figcaption><\/figure>\n<p><strong>Ensuite en mai 2025,<\/strong> Samantha Alcon a propos\u00e9 une <strong>s\u00e9ance de pratique ax\u00e9e sur la d\u00e9couverte de la danse<\/strong>. Pour permettre cela, les \u00e9l\u00e8ves ont commenc\u00e9 par <strong>revoir les 4 palos \u00e9tudi\u00e9s lors de la premi\u00e8re s\u00e9ance<\/strong>. Ils sont pass\u00e9s ensuite <strong>par petits groupes pour frapper les palmas du palo de leur choix<\/strong> et le faire deviner \u00e0 leurs camarades. Cela a permis aux \u00e9l\u00e8ves de se refamiliariser avec les rythmiques sp\u00e9cifiques du flamenco pour <strong>approfondir l&rsquo;\u00e9tude d&rsquo;un palo: le Tango<\/strong>. Les<strong> \u00e9l\u00e8ves<\/strong> ont ainsi \u00e9t\u00e9 <strong>interrog\u00e9s<\/strong> sur la <strong>letra du Tango<\/strong> pour laquelle ils devaient effectuer des <strong>recherches.<\/strong> Des explications ont \u00e9t\u00e9 apport\u00e9es sur<strong> le contexte historique<\/strong> et la <strong>censure du texte de cette chanson durant la dictature de Franco face aux R\u00e9publicains<\/strong> rempla\u00e7ant dans le texte \u00ab\u00a0la banderita Republicana\u00a0\u00bb par la \u00ab\u00a0banderita gitana\u00a0\u00bb. L&rsquo;intervenante a aussi racont\u00e9 le <strong>destin tragique de certains artistes durant la guerre civile<\/strong>, parfois conduits \u00e0 l&rsquo;exil par la suite. Enfin, la letra de Tango \u00e9tudi\u00e9e a servi de <strong>support pour l&rsquo;apprentissage d&rsquo;une variation cr\u00e9\u00e9e par Samantha Alcon<\/strong> . Cette <strong>chor\u00e9graphie<\/strong> leur a permis de d\u00e9couvrir la <strong>gestuelle sp\u00e9cifique du flamenco (mains et bras) et le zapateado (percussion de pieds)<\/strong> caract\u00e9ristique de cet art.<\/p>\n<p><img loading=\"lazy\" decoding=\"async\" class=\"wp-image-12484\" src=\"https:\/\/lyceemauriac.fr\/wp-content\/uploads\/2025\/07\/cbba25fe-5c3c-4684-9e8e-3c325b00af631-1024x823.jpg\" alt=\"\" width=\"245\" height=\"197\" srcset=\"https:\/\/lyceemauriac.fr\/wp-content\/uploads\/2025\/07\/cbba25fe-5c3c-4684-9e8e-3c325b00af631-1024x823.jpg 1024w, https:\/\/lyceemauriac.fr\/wp-content\/uploads\/2025\/07\/cbba25fe-5c3c-4684-9e8e-3c325b00af631-200x161.jpg 200w, https:\/\/lyceemauriac.fr\/wp-content\/uploads\/2025\/07\/cbba25fe-5c3c-4684-9e8e-3c325b00af631-768x617.jpg 768w, https:\/\/lyceemauriac.fr\/wp-content\/uploads\/2025\/07\/cbba25fe-5c3c-4684-9e8e-3c325b00af631-1536x1234.jpg 1536w, https:\/\/lyceemauriac.fr\/wp-content\/uploads\/2025\/07\/cbba25fe-5c3c-4684-9e8e-3c325b00af631-2048x1645.jpg 2048w, https:\/\/lyceemauriac.fr\/wp-content\/uploads\/2025\/07\/cbba25fe-5c3c-4684-9e8e-3c325b00af631-311x250.jpg 311w\" sizes=\"auto, (max-width: 245px) 100vw, 245px\" \/><img loading=\"lazy\" decoding=\"async\" class=\"wp-image-12485 alignleft\" src=\"https:\/\/lyceemauriac.fr\/wp-content\/uploads\/2025\/07\/IMG_20250512_153123_HDR-1024x759.jpg\" alt=\"\" width=\"257\" height=\"190\" srcset=\"https:\/\/lyceemauriac.fr\/wp-content\/uploads\/2025\/07\/IMG_20250512_153123_HDR-1024x759.jpg 1024w, https:\/\/lyceemauriac.fr\/wp-content\/uploads\/2025\/07\/IMG_20250512_153123_HDR-200x148.jpg 200w, https:\/\/lyceemauriac.fr\/wp-content\/uploads\/2025\/07\/IMG_20250512_153123_HDR-768x569.jpg 768w, https:\/\/lyceemauriac.fr\/wp-content\/uploads\/2025\/07\/IMG_20250512_153123_HDR-1536x1139.jpg 1536w, https:\/\/lyceemauriac.fr\/wp-content\/uploads\/2025\/07\/IMG_20250512_153123_HDR-2048x1518.jpg 2048w, https:\/\/lyceemauriac.fr\/wp-content\/uploads\/2025\/07\/IMG_20250512_153123_HDR-337x250.jpg 337w\" sizes=\"auto, (max-width: 257px) 100vw, 257px\" \/><\/p>\n<p style=\"text-align: center\">Les \u00e9l\u00e8ves de 2nde et 1\u00e8re Euro en action:\u00a1Ol\u00e9!<\/p>\n<p><img loading=\"lazy\" decoding=\"async\" class=\"wp-image-12487 alignleft\" src=\"https:\/\/lyceemauriac.fr\/wp-content\/uploads\/2025\/07\/f9565a25-8b81-4fdd-a8e8-7d4b4732529b1-1024x486.jpg\" alt=\"\" width=\"287\" height=\"136\" srcset=\"https:\/\/lyceemauriac.fr\/wp-content\/uploads\/2025\/07\/f9565a25-8b81-4fdd-a8e8-7d4b4732529b1-1024x486.jpg 1024w, https:\/\/lyceemauriac.fr\/wp-content\/uploads\/2025\/07\/f9565a25-8b81-4fdd-a8e8-7d4b4732529b1-200x95.jpg 200w, https:\/\/lyceemauriac.fr\/wp-content\/uploads\/2025\/07\/f9565a25-8b81-4fdd-a8e8-7d4b4732529b1-768x365.jpg 768w, https:\/\/lyceemauriac.fr\/wp-content\/uploads\/2025\/07\/f9565a25-8b81-4fdd-a8e8-7d4b4732529b1-1536x729.jpg 1536w, https:\/\/lyceemauriac.fr\/wp-content\/uploads\/2025\/07\/f9565a25-8b81-4fdd-a8e8-7d4b4732529b1-2048x972.jpg 2048w, https:\/\/lyceemauriac.fr\/wp-content\/uploads\/2025\/07\/f9565a25-8b81-4fdd-a8e8-7d4b4732529b1-370x176.jpg 370w\" sizes=\"auto, (max-width: 287px) 100vw, 287px\" \/><\/p>\n<p><strong><img loading=\"lazy\" decoding=\"async\" class=\"wp-image-12486 alignleft\" src=\"https:\/\/lyceemauriac.fr\/wp-content\/uploads\/2025\/07\/48836b02-94d5-44ab-ae6a-0a4914c3a4be1-1024x843.jpg\" alt=\"\" width=\"247\" height=\"203\" srcset=\"https:\/\/lyceemauriac.fr\/wp-content\/uploads\/2025\/07\/48836b02-94d5-44ab-ae6a-0a4914c3a4be1-1024x843.jpg 1024w, https:\/\/lyceemauriac.fr\/wp-content\/uploads\/2025\/07\/48836b02-94d5-44ab-ae6a-0a4914c3a4be1-200x165.jpg 200w, https:\/\/lyceemauriac.fr\/wp-content\/uploads\/2025\/07\/48836b02-94d5-44ab-ae6a-0a4914c3a4be1-768x632.jpg 768w, https:\/\/lyceemauriac.fr\/wp-content\/uploads\/2025\/07\/48836b02-94d5-44ab-ae6a-0a4914c3a4be1-1536x1264.jpg 1536w, https:\/\/lyceemauriac.fr\/wp-content\/uploads\/2025\/07\/48836b02-94d5-44ab-ae6a-0a4914c3a4be1-2048x1685.jpg 2048w, https:\/\/lyceemauriac.fr\/wp-content\/uploads\/2025\/07\/48836b02-94d5-44ab-ae6a-0a4914c3a4be1-304x250.jpg 304w\" sizes=\"auto, (max-width: 247px) 100vw, 247px\" \/><\/strong><\/p>\n<p>&nbsp;<\/p>\n<p>&nbsp;<\/p>\n<p>&nbsp;<\/p>\n<p>&nbsp;<\/p>\n<p>&nbsp;<\/p>\n<p>&nbsp;<\/p>\n<p style=\"text-align: center\">Les \u00e9l\u00e8ves de terminale Euro tr\u00e8s impliqu\u00e9s aussi: \u00a1Que arte!<\/p>\n<p><strong>Les \u00e9l\u00e8ves ont relev\u00e9 le d\u00e9fi avec brio et se sont investis avec joie dans cet atelier pratique, produisant un tr\u00e8s joli r\u00e9sultat final. Tout au long de ce projet, ils ont fait preuve d&rsquo;une grande qualit\u00e9 d&rsquo;\u00e9coute et ont d\u00e9montr\u00e9 beaucoup d&rsquo;int\u00e9r\u00eat, t\u00e9moignant d&rsquo;un bel \u00e9tat d&rsquo;esprit d&rsquo;ouverture aux autres cultures. <\/strong><\/p>\n","protected":false},"excerpt":{"rendered":"<p>Afin d&rsquo;approfondir leur connaissance de la culture hispanique, tous les \u00e9l\u00e8ves de la Section Europ\u00e9enne Espagnole (2nde, 1\u00e8re et Terminale) ont particip\u00e9 \u00e0 deux s\u00e9ances de pratique et d\u00e9couverte de la culture flamenca entre les mois de mars et mai 2025. Inscrites dans leur parcours d&rsquo;\u00e9ducation artistique et culturelle, ces deux s\u00e9ances ont \u00e9t\u00e9 conduites [&hellip;]<\/p>\n","protected":false},"author":57,"featured_media":12479,"comment_status":"closed","ping_status":"open","sticky":false,"template":"","format":"standard","meta":{"footnotes":""},"categories":[1,59,39],"tags":[],"class_list":["post-12478","post","type-post","status-publish","format-standard","has-post-thumbnail","hentry","category-non-classe","category-espagnol","category-zbandeau"],"_links":{"self":[{"href":"https:\/\/lyceemauriac.fr\/index.php\/wp-json\/wp\/v2\/posts\/12478","targetHints":{"allow":["GET"]}}],"collection":[{"href":"https:\/\/lyceemauriac.fr\/index.php\/wp-json\/wp\/v2\/posts"}],"about":[{"href":"https:\/\/lyceemauriac.fr\/index.php\/wp-json\/wp\/v2\/types\/post"}],"author":[{"embeddable":true,"href":"https:\/\/lyceemauriac.fr\/index.php\/wp-json\/wp\/v2\/users\/57"}],"replies":[{"embeddable":true,"href":"https:\/\/lyceemauriac.fr\/index.php\/wp-json\/wp\/v2\/comments?post=12478"}],"version-history":[{"count":25,"href":"https:\/\/lyceemauriac.fr\/index.php\/wp-json\/wp\/v2\/posts\/12478\/revisions"}],"predecessor-version":[{"id":12513,"href":"https:\/\/lyceemauriac.fr\/index.php\/wp-json\/wp\/v2\/posts\/12478\/revisions\/12513"}],"wp:featuredmedia":[{"embeddable":true,"href":"https:\/\/lyceemauriac.fr\/index.php\/wp-json\/wp\/v2\/media\/12479"}],"wp:attachment":[{"href":"https:\/\/lyceemauriac.fr\/index.php\/wp-json\/wp\/v2\/media?parent=12478"}],"wp:term":[{"taxonomy":"category","embeddable":true,"href":"https:\/\/lyceemauriac.fr\/index.php\/wp-json\/wp\/v2\/categories?post=12478"},{"taxonomy":"post_tag","embeddable":true,"href":"https:\/\/lyceemauriac.fr\/index.php\/wp-json\/wp\/v2\/tags?post=12478"}],"curies":[{"name":"wp","href":"https:\/\/api.w.org\/{rel}","templated":true}]}}