{"id":12564,"date":"2025-10-04T15:26:51","date_gmt":"2025-10-04T13:26:51","guid":{"rendered":"https:\/\/lyceemauriac.fr\/?p=12564"},"modified":"2025-10-04T15:26:51","modified_gmt":"2025-10-04T13:26:51","slug":"venez-feter-halloween-au-musee-daquitaine","status":"publish","type":"post","link":"https:\/\/lyceemauriac.fr\/index.php\/2025\/10\/04\/venez-feter-halloween-au-musee-daquitaine\/","title":{"rendered":"Venez f\u00eater Halloween au Mus\u00e9e d&rsquo;Aquitaine !"},"content":{"rendered":"<p><span style=\"color: #333399;\"><em>Voici un message du Mus\u00e9e d&rsquo;Aquitaine, partenaire du lyc\u00e9e :<\/em><\/span><\/p>\n<p>Nous voici \u00e0 un mois de la deuxi\u00e8me \u00e9dition d\u2019Halloween\u00a0!<\/p>\n<p>Cette ann\u00e9e\u00a0:\u00a0<b>une soir\u00e9e au mus\u00e9e<\/b>, et un \u00ab\u00a0before\u00a0\u00bb au\u00a0<b>cimeti\u00e8re de la Chartreuse pour les + de 18 ans<\/b>.<\/p>\n<p>&nbsp;<\/p>\n<p>La visite du cimeti\u00e8re, organis\u00e9e par Bordeaux Patrimoine Mondial est sur r\u00e9servation obligatoire, par mail \u00e0\u00a0<a href=\"mailto:mediation.bpm@mairie-bordeaux.fr\" target=\"_blank\" rel=\"noopener\">mediation.bpm@mairie-bordeaux.<wbr \/>fr<\/a>. (3\u20ac, gratuit Carte jeune)<\/p>\n<p><img loading=\"lazy\" decoding=\"async\" class=\"CToWUd\" src=\"https:\/\/mail.google.com\/mail\/u\/0?ui=2&amp;ik=54abdbb356&amp;attid=0.0.5&amp;permmsgid=msg-f:1845045427856012429&amp;th=199aeb0a89d0f48d&amp;view=fimg&amp;fur=ip&amp;permmsgid=msg-f:1845045427856012429&amp;sz=s0-l75-ft&amp;attbid=ANGjdJ8BC8e4wgzddh8DRJIwmDVpAqNupVBUl2I0aanZa8PbRdGELFN-KMiiK41bth27rbJYxmX6S62ZgbtGMp1mBbe_X07HJgK0H9hxej49amRSkq9EEqYvsOCovPQ&amp;disp=emb&amp;zw\" alt=\"Index pointant vers la droite vu du c\u00f4t\u00e9 du dos de la main avec un remplissage uni\" width=\"24\" height=\"24\" align=\"left\" hspace=\"12\" data-image-whitelisted=\"\" data-bit=\"iit\" \/><b>\u00a0\u00a0\u00a0<a href=\"https:\/\/www.musee-aquitaine-bordeaux.fr\/event_agenda\/180\" target=\"_blank\" rel=\"noopener\" data-saferedirecturl=\"https:\/\/www.google.com\/url?q=https:\/\/www.musee-aquitaine-bordeaux.fr\/event_agenda\/180&amp;source=gmail&amp;ust=1759660533746000&amp;usg=AOvVaw2-C8F7mxZvvmKFYnJNnvH4\">Debout les morts ! | Mus\u00e9e d&rsquo;Aquitaine<\/a><\/b><\/p>\n<p><b>\u00a0<\/b><\/p>\n<p>Le vendredi 31, la soir\u00e9e Halloween, \u00e0 destination des lyc\u00e9ens et des \u00e9tudiants se tiendra au mus\u00e9e\u00a0: elle est gratuite, la r\u00e9servation est conseill\u00e9e, mais pas obligatoire \u2026\u00a0<b>lien billetterie\u00a0:\u00a0<a href=\"https:\/\/my.weezevent.com\/halloween-78?_gl=1*1xgr8ok*_gcl_au*MTc4MTcxMTE5LjE3NTQzMDkwMzkuMjEyMzgyNDk4My4xNzU0MzA5MDQxLjE3NTQzMTAzMTQ.*_ga*MTA0MjI1OTMwMS4xNzE4MTExMDY4*_ga_39H9VBFX7G*czE3NTQ0ODY4ODQkbzY3JGcwJHQxNzU0NDg2ODg0JGo2MCRsMCRoNzM3MDU5NTk.\" target=\"_blank\" rel=\"noopener\" data-saferedirecturl=\"https:\/\/www.google.com\/url?q=https:\/\/my.weezevent.com\/halloween-78?_gl%3D1*1xgr8ok*_gcl_au*MTc4MTcxMTE5LjE3NTQzMDkwMzkuMjEyMzgyNDk4My4xNzU0MzA5MDQxLjE3NTQzMTAzMTQ.*_ga*MTA0MjI1OTMwMS4xNzE4MTExMDY4*_ga_39H9VBFX7G*czE3NTQ0ODY4ODQkbzY3JGcwJHQxNzU0NDg2ODg0JGo2MCRsMCRoNzM3MDU5NTk.&amp;source=gmail&amp;ust=1759660533746000&amp;usg=AOvVaw0DwcwXQmqDvlHqXZEDN7U4\">Halloween<\/a><\/b><\/p>\n<p><b><a href=\"https:\/\/www.musee-aquitaine-bordeaux.fr\/event_agenda\/232\" target=\"_blank\" rel=\"noopener\" data-saferedirecturl=\"https:\/\/www.google.com\/url?q=https:\/\/www.musee-aquitaine-bordeaux.fr\/event_agenda\/232&amp;source=gmail&amp;ust=1759660533746000&amp;usg=AOvVaw2jYqfmP88UUpUXGrZf-x5-\">Halloween : le r\u00e9veil des fant\u00f4mes | Mus\u00e9e d&rsquo;Aquitaine<\/a><\/b><img loading=\"lazy\" decoding=\"async\" class=\"CToWUd\" src=\"https:\/\/mail.google.com\/mail\/u\/0?ui=2&amp;ik=54abdbb356&amp;attid=0.0.5&amp;permmsgid=msg-f:1845045427856012429&amp;th=199aeb0a89d0f48d&amp;view=fimg&amp;fur=ip&amp;permmsgid=msg-f:1845045427856012429&amp;sz=s0-l75-ft&amp;attbid=ANGjdJ_ux3Oc9dAPnOkA22qEYaAGAv3UJK9194HhQPXXlhQ4MMF_v9gp0ZXAdrFi5r-KaecigRKK5rGAY9NgBe1ERX7hNHQ69qI4DFwj1gD8xo4Da2J74GlBfG0MP8I&amp;disp=emb&amp;zw\" alt=\"Index pointant vers la droite vu du c\u00f4t\u00e9 du dos de la main avec un remplissage uni\" width=\"24\" height=\"24\" align=\"left\" hspace=\"12\" data-image-whitelisted=\"\" data-bit=\"iit\" \/><b>\u00a0\u00a0\u00a0<\/b><\/p>\n","protected":false},"excerpt":{"rendered":"<p>Voici un message du Mus\u00e9e d&rsquo;Aquitaine, partenaire du lyc\u00e9e : Nous voici \u00e0 un mois de la deuxi\u00e8me \u00e9dition d\u2019Halloween\u00a0! Cette ann\u00e9e\u00a0:\u00a0une soir\u00e9e au mus\u00e9e, et un \u00ab\u00a0before\u00a0\u00bb au\u00a0cimeti\u00e8re de la Chartreuse pour les + de 18 ans. &nbsp; La visite du cimeti\u00e8re, organis\u00e9e par Bordeaux Patrimoine Mondial est sur r\u00e9servation obligatoire, par mail \u00e0\u00a0mediation.bpm@mairie-bordeaux.fr. [&hellip;]<\/p>\n","protected":false},"author":2,"featured_media":12565,"comment_status":"closed","ping_status":"open","sticky":false,"template":"","format":"standard","meta":{"footnotes":""},"categories":[21],"tags":[],"class_list":["post-12564","post","type-post","status-publish","format-standard","has-post-thumbnail","hentry","category-culture"],"_links":{"self":[{"href":"https:\/\/lyceemauriac.fr\/index.php\/wp-json\/wp\/v2\/posts\/12564","targetHints":{"allow":["GET"]}}],"collection":[{"href":"https:\/\/lyceemauriac.fr\/index.php\/wp-json\/wp\/v2\/posts"}],"about":[{"href":"https:\/\/lyceemauriac.fr\/index.php\/wp-json\/wp\/v2\/types\/post"}],"author":[{"embeddable":true,"href":"https:\/\/lyceemauriac.fr\/index.php\/wp-json\/wp\/v2\/users\/2"}],"replies":[{"embeddable":true,"href":"https:\/\/lyceemauriac.fr\/index.php\/wp-json\/wp\/v2\/comments?post=12564"}],"version-history":[{"count":1,"href":"https:\/\/lyceemauriac.fr\/index.php\/wp-json\/wp\/v2\/posts\/12564\/revisions"}],"predecessor-version":[{"id":12566,"href":"https:\/\/lyceemauriac.fr\/index.php\/wp-json\/wp\/v2\/posts\/12564\/revisions\/12566"}],"wp:featuredmedia":[{"embeddable":true,"href":"https:\/\/lyceemauriac.fr\/index.php\/wp-json\/wp\/v2\/media\/12565"}],"wp:attachment":[{"href":"https:\/\/lyceemauriac.fr\/index.php\/wp-json\/wp\/v2\/media?parent=12564"}],"wp:term":[{"taxonomy":"category","embeddable":true,"href":"https:\/\/lyceemauriac.fr\/index.php\/wp-json\/wp\/v2\/categories?post=12564"},{"taxonomy":"post_tag","embeddable":true,"href":"https:\/\/lyceemauriac.fr\/index.php\/wp-json\/wp\/v2\/tags?post=12564"}],"curies":[{"name":"wp","href":"https:\/\/api.w.org\/{rel}","templated":true}]}}