{"id":12854,"date":"2026-01-27T17:11:03","date_gmt":"2026-01-27T16:11:03","guid":{"rendered":"https:\/\/lyceemauriac.fr\/?p=12854"},"modified":"2026-01-27T17:11:03","modified_gmt":"2026-01-27T16:11:03","slug":"championnes-academiques-de-futsal","status":"publish","type":"post","link":"https:\/\/lyceemauriac.fr\/index.php\/2026\/01\/27\/championnes-academiques-de-futsal\/","title":{"rendered":"Championnes acad\u00e9miques de futsal"},"content":{"rendered":"<p>Notr<img loading=\"lazy\" decoding=\"async\" class=\"alignleft size-medium wp-image-12856\" src=\"https:\/\/lyceemauriac.fr\/wp-content\/uploads\/2026\/01\/IMG_08041-200x113.jpg\" alt=\"\" width=\"200\" height=\"113\" srcset=\"https:\/\/lyceemauriac.fr\/wp-content\/uploads\/2026\/01\/IMG_08041-200x113.jpg 200w, https:\/\/lyceemauriac.fr\/wp-content\/uploads\/2026\/01\/IMG_08041-1024x577.jpg 1024w, https:\/\/lyceemauriac.fr\/wp-content\/uploads\/2026\/01\/IMG_08041-768x432.jpg 768w, https:\/\/lyceemauriac.fr\/wp-content\/uploads\/2026\/01\/IMG_08041-1536x865.jpg 1536w, https:\/\/lyceemauriac.fr\/wp-content\/uploads\/2026\/01\/IMG_08041-370x208.jpg 370w, https:\/\/lyceemauriac.fr\/wp-content\/uploads\/2026\/01\/IMG_08041.jpg 2000w\" sizes=\"auto, (max-width: 200px) 100vw, 200px\" \/>e jeune \u00e9quipe f\u00e9minine de Futsal est Championne d&rsquo;acad\u00e9mie, elle participera \u00e0 la comp\u00e9tition interacad\u00e9mique le 04 F\u00e9vrier (derni\u00e8re marche avant les championnats de France).<br \/>\nUn grand bravo \u00e0 elles, ainsi qu&rsquo;\u00e0 nos deux gar\u00e7ons jeunes officiels !<\/p>\n<p>&nbsp;<\/p>\n<p>Les joueuses : Margaux, D\u00e9borah, Ana, Lucie, Tressia et Amalia.<\/p>\n<p>Jeune coach, Matt et Jeune arbitre, Matthieu, tous les deux valid\u00e9s au niveau acad\u00e9mique.<\/p>\n","protected":false},"excerpt":{"rendered":"<p>Notre jeune \u00e9quipe f\u00e9minine de Futsal est Championne d&rsquo;acad\u00e9mie, elle participera \u00e0 la comp\u00e9tition interacad\u00e9mique le 04 F\u00e9vrier (derni\u00e8re marche avant les championnats de France). Un grand bravo \u00e0 elles, ainsi qu&rsquo;\u00e0 nos deux gar\u00e7ons jeunes officiels ! &nbsp; Les joueuses : Margaux, D\u00e9borah, Ana, Lucie, Tressia et Amalia. Jeune coach, Matt et Jeune arbitre, [&hellip;]<\/p>\n","protected":false},"author":10,"featured_media":12855,"comment_status":"closed","ping_status":"open","sticky":false,"template":"","format":"standard","meta":{"footnotes":""},"categories":[23,39],"tags":[],"class_list":["post-12854","post","type-post","status-publish","format-standard","has-post-thumbnail","hentry","category-association_sportive","category-zbandeau"],"_links":{"self":[{"href":"https:\/\/lyceemauriac.fr\/index.php\/wp-json\/wp\/v2\/posts\/12854","targetHints":{"allow":["GET"]}}],"collection":[{"href":"https:\/\/lyceemauriac.fr\/index.php\/wp-json\/wp\/v2\/posts"}],"about":[{"href":"https:\/\/lyceemauriac.fr\/index.php\/wp-json\/wp\/v2\/types\/post"}],"author":[{"embeddable":true,"href":"https:\/\/lyceemauriac.fr\/index.php\/wp-json\/wp\/v2\/users\/10"}],"replies":[{"embeddable":true,"href":"https:\/\/lyceemauriac.fr\/index.php\/wp-json\/wp\/v2\/comments?post=12854"}],"version-history":[{"count":1,"href":"https:\/\/lyceemauriac.fr\/index.php\/wp-json\/wp\/v2\/posts\/12854\/revisions"}],"predecessor-version":[{"id":12857,"href":"https:\/\/lyceemauriac.fr\/index.php\/wp-json\/wp\/v2\/posts\/12854\/revisions\/12857"}],"wp:featuredmedia":[{"embeddable":true,"href":"https:\/\/lyceemauriac.fr\/index.php\/wp-json\/wp\/v2\/media\/12855"}],"wp:attachment":[{"href":"https:\/\/lyceemauriac.fr\/index.php\/wp-json\/wp\/v2\/media?parent=12854"}],"wp:term":[{"taxonomy":"category","embeddable":true,"href":"https:\/\/lyceemauriac.fr\/index.php\/wp-json\/wp\/v2\/categories?post=12854"},{"taxonomy":"post_tag","embeddable":true,"href":"https:\/\/lyceemauriac.fr\/index.php\/wp-json\/wp\/v2\/tags?post=12854"}],"curies":[{"name":"wp","href":"https:\/\/api.w.org\/{rel}","templated":true}]}}