{"id":13159,"date":"2026-04-04T10:58:32","date_gmt":"2026-04-04T08:58:32","guid":{"rendered":"https:\/\/lyceemauriac.fr\/?p=13159"},"modified":"2026-04-04T10:58:32","modified_gmt":"2026-04-04T08:58:32","slug":"grand-succes-pour-le-premier-forum-de-la-presse","status":"publish","type":"post","link":"https:\/\/lyceemauriac.fr\/index.php\/2026\/04\/04\/grand-succes-pour-le-premier-forum-de-la-presse\/","title":{"rendered":"Grand succ\u00e8s pour le premier Forum de la Presse"},"content":{"rendered":"<p>En quoi l&rsquo;IA transforme-t-elle votre m\u00e9tier ? Est-ce que c&rsquo;est difficile de couvrir les \u00e9lections municipales quand on conna\u00eet les personnalit\u00e9s politiques ? Quel est le sportif le plus connu que vous avez interview\u00e9 ? Avez-vous risqu\u00e9 votre vie en reportage \u00e0 l&rsquo;\u00e9tranger ? Quel est votre salaire ? Est-ce que les attentats contre Charlie Hebdo ont transform\u00e9 votre pratique professionnelle ? Etc. Voil\u00e0 quelques questions parmi les tr\u00e8s nombreuses que nos \u00e9l\u00e8ves ont pu poser aux journalistes qui sont venus parler de leur m\u00e9tier au lyc\u00e9e Fran\u00e7ois Mauriac pendant une semaine. Des rencontres riches, un public d&rsquo;\u00e9l\u00e8ves attentifs, int\u00e9ress\u00e9s, concentr\u00e9s et r\u00e9actifs. Notre premier Forum de la presse et des m\u00e9dias est un succ\u00e8s.<\/p>\n<p>Un grand merci \u00e0 ces professionnels qui nous ont rendu visite : Elio Bono (journaliste sportif \u00e0 L&rsquo;\u00e9quipe), Miguel Martins Noite (r\u00e9dacteur en chef au service lusophone de RFI), Serge Latapy (journaliste \u00e0 Sud-Ouest), Christian Chambres (XLandes.fr), Jean-Pierre Dorian (Directeur de la r\u00e9daction de Sud-ouest), les dessinateurs de presse Urbs et Visant.<\/p>\n<p><a href=\"https:\/\/lyceemauriac.fr\/wp-content\/uploads\/2026\/04\/bf4686d6-f43b-4d89-ba33-07e2a6965d47.jpeg\"><img loading=\"lazy\" decoding=\"async\" class=\"aligncenter size-full wp-image-13161\" src=\"https:\/\/lyceemauriac.fr\/wp-content\/uploads\/2026\/04\/bf4686d6-f43b-4d89-ba33-07e2a6965d47.jpeg\" alt=\"\" width=\"1600\" height=\"1200\" srcset=\"https:\/\/lyceemauriac.fr\/wp-content\/uploads\/2026\/04\/bf4686d6-f43b-4d89-ba33-07e2a6965d47.jpeg 1600w, https:\/\/lyceemauriac.fr\/wp-content\/uploads\/2026\/04\/bf4686d6-f43b-4d89-ba33-07e2a6965d47-200x150.jpeg 200w, https:\/\/lyceemauriac.fr\/wp-content\/uploads\/2026\/04\/bf4686d6-f43b-4d89-ba33-07e2a6965d47-1024x768.jpeg 1024w, https:\/\/lyceemauriac.fr\/wp-content\/uploads\/2026\/04\/bf4686d6-f43b-4d89-ba33-07e2a6965d47-768x576.jpeg 768w, https:\/\/lyceemauriac.fr\/wp-content\/uploads\/2026\/04\/bf4686d6-f43b-4d89-ba33-07e2a6965d47-1536x1152.jpeg 1536w, https:\/\/lyceemauriac.fr\/wp-content\/uploads\/2026\/04\/bf4686d6-f43b-4d89-ba33-07e2a6965d47-333x250.jpeg 333w\" sizes=\"auto, (max-width: 1600px) 100vw, 1600px\" \/><\/a> <a href=\"https:\/\/lyceemauriac.fr\/wp-content\/uploads\/2026\/04\/b318dd90-2fb8-4104-8ccb-f9a288e0aa85.jpeg\"><img loading=\"lazy\" decoding=\"async\" class=\"aligncenter size-full wp-image-13162\" src=\"https:\/\/lyceemauriac.fr\/wp-content\/uploads\/2026\/04\/b318dd90-2fb8-4104-8ccb-f9a288e0aa85.jpeg\" alt=\"\" width=\"1600\" height=\"1200\" srcset=\"https:\/\/lyceemauriac.fr\/wp-content\/uploads\/2026\/04\/b318dd90-2fb8-4104-8ccb-f9a288e0aa85.jpeg 1600w, https:\/\/lyceemauriac.fr\/wp-content\/uploads\/2026\/04\/b318dd90-2fb8-4104-8ccb-f9a288e0aa85-200x150.jpeg 200w, https:\/\/lyceemauriac.fr\/wp-content\/uploads\/2026\/04\/b318dd90-2fb8-4104-8ccb-f9a288e0aa85-1024x768.jpeg 1024w, https:\/\/lyceemauriac.fr\/wp-content\/uploads\/2026\/04\/b318dd90-2fb8-4104-8ccb-f9a288e0aa85-768x576.jpeg 768w, https:\/\/lyceemauriac.fr\/wp-content\/uploads\/2026\/04\/b318dd90-2fb8-4104-8ccb-f9a288e0aa85-1536x1152.jpeg 1536w, https:\/\/lyceemauriac.fr\/wp-content\/uploads\/2026\/04\/b318dd90-2fb8-4104-8ccb-f9a288e0aa85-333x250.jpeg 333w\" sizes=\"auto, (max-width: 1600px) 100vw, 1600px\" \/><\/a> <a href=\"https:\/\/lyceemauriac.fr\/wp-content\/uploads\/2026\/04\/f8aea581-6462-42ac-89f2-2c2f31f0805c.jpeg\"><img loading=\"lazy\" decoding=\"async\" class=\"aligncenter size-full wp-image-13163\" src=\"https:\/\/lyceemauriac.fr\/wp-content\/uploads\/2026\/04\/f8aea581-6462-42ac-89f2-2c2f31f0805c.jpeg\" alt=\"\" width=\"1600\" height=\"1200\" srcset=\"https:\/\/lyceemauriac.fr\/wp-content\/uploads\/2026\/04\/f8aea581-6462-42ac-89f2-2c2f31f0805c.jpeg 1600w, https:\/\/lyceemauriac.fr\/wp-content\/uploads\/2026\/04\/f8aea581-6462-42ac-89f2-2c2f31f0805c-200x150.jpeg 200w, https:\/\/lyceemauriac.fr\/wp-content\/uploads\/2026\/04\/f8aea581-6462-42ac-89f2-2c2f31f0805c-1024x768.jpeg 1024w, https:\/\/lyceemauriac.fr\/wp-content\/uploads\/2026\/04\/f8aea581-6462-42ac-89f2-2c2f31f0805c-768x576.jpeg 768w, https:\/\/lyceemauriac.fr\/wp-content\/uploads\/2026\/04\/f8aea581-6462-42ac-89f2-2c2f31f0805c-1536x1152.jpeg 1536w, https:\/\/lyceemauriac.fr\/wp-content\/uploads\/2026\/04\/f8aea581-6462-42ac-89f2-2c2f31f0805c-333x250.jpeg 333w\" sizes=\"auto, (max-width: 1600px) 100vw, 1600px\" \/><\/a><\/p>\n","protected":false},"excerpt":{"rendered":"<p>En quoi l&rsquo;IA transforme-t-elle votre m\u00e9tier ? Est-ce que c&rsquo;est difficile de couvrir les \u00e9lections municipales quand on conna\u00eet les personnalit\u00e9s politiques ? Quel est le sportif le plus connu que vous avez interview\u00e9 ? Avez-vous risqu\u00e9 votre vie en reportage \u00e0 l&rsquo;\u00e9tranger ? Quel est votre salaire ? Est-ce que les attentats contre Charlie [&hellip;]<\/p>\n","protected":false},"author":2,"featured_media":13160,"comment_status":"closed","ping_status":"open","sticky":false,"template":"","format":"standard","meta":{"footnotes":""},"categories":[1,39],"tags":[],"class_list":["post-13159","post","type-post","status-publish","format-standard","has-post-thumbnail","hentry","category-non-classe","category-zbandeau"],"_links":{"self":[{"href":"https:\/\/lyceemauriac.fr\/index.php\/wp-json\/wp\/v2\/posts\/13159","targetHints":{"allow":["GET"]}}],"collection":[{"href":"https:\/\/lyceemauriac.fr\/index.php\/wp-json\/wp\/v2\/posts"}],"about":[{"href":"https:\/\/lyceemauriac.fr\/index.php\/wp-json\/wp\/v2\/types\/post"}],"author":[{"embeddable":true,"href":"https:\/\/lyceemauriac.fr\/index.php\/wp-json\/wp\/v2\/users\/2"}],"replies":[{"embeddable":true,"href":"https:\/\/lyceemauriac.fr\/index.php\/wp-json\/wp\/v2\/comments?post=13159"}],"version-history":[{"count":1,"href":"https:\/\/lyceemauriac.fr\/index.php\/wp-json\/wp\/v2\/posts\/13159\/revisions"}],"predecessor-version":[{"id":13164,"href":"https:\/\/lyceemauriac.fr\/index.php\/wp-json\/wp\/v2\/posts\/13159\/revisions\/13164"}],"wp:featuredmedia":[{"embeddable":true,"href":"https:\/\/lyceemauriac.fr\/index.php\/wp-json\/wp\/v2\/media\/13160"}],"wp:attachment":[{"href":"https:\/\/lyceemauriac.fr\/index.php\/wp-json\/wp\/v2\/media?parent=13159"}],"wp:term":[{"taxonomy":"category","embeddable":true,"href":"https:\/\/lyceemauriac.fr\/index.php\/wp-json\/wp\/v2\/categories?post=13159"},{"taxonomy":"post_tag","embeddable":true,"href":"https:\/\/lyceemauriac.fr\/index.php\/wp-json\/wp\/v2\/tags?post=13159"}],"curies":[{"name":"wp","href":"https:\/\/api.w.org\/{rel}","templated":true}]}}