{"id":13188,"date":"2026-04-29T08:05:38","date_gmt":"2026-04-29T06:05:38","guid":{"rendered":"https:\/\/lyceemauriac.fr\/?p=13188"},"modified":"2026-04-29T08:34:07","modified_gmt":"2026-04-29T06:34:07","slug":"un-projet-etwinning-lance-a-loccasion-dun-job-shadowing","status":"publish","type":"post","link":"https:\/\/lyceemauriac.fr\/index.php\/2026\/04\/29\/un-projet-etwinning-lance-a-loccasion-dun-job-shadowing\/","title":{"rendered":"Un projet eTwinning lanc\u00e9 \u00e0 l&rsquo;occasion d&rsquo;un job shadowing"},"content":{"rendered":"<p>La classe de 1re Euro 1, participe cette ann\u00e9e \u00e0 un <strong>projet eTwinning intitul\u00e9 \u00ab Consumer Protection \u00bb<\/strong>, cofond\u00e9 par <strong>Mme. Leila Farkamekh, professeur d\u2019anglais<\/strong> et <strong>Mme. Isabelle Hensel, professeure d\u2019anglais et de sciences \u00e9conomiques en Allemagne<\/strong>.<\/p>\n<p>Ce projet est men\u00e9 de fa\u00e7on virtuelle sur la plateforme europ\u00e9enne ESEP avec des <strong>partenaires allemands \u00e0 Dortmund<\/strong>. Il consiste \u00e0 \u00e9tudier et comparer les droits des consommateurs en France, en Allemagne, ainsi que dans d\u2019autres pays \u00e0 travers le monde.<\/p>\n<p>L\u2019objectif final est de cr\u00e9er des podcasts autour du th\u00e8me \u00ab Consumer Protection \u00bb, r\u00e9alis\u00e9s par les \u00e9l\u00e8ves des deux lyc\u00e9es.<\/p>\n<p>Dans le cadre de la pr\u00e9paration de ce projet, nous avons eu le plaisir d\u2019accueillir Mme Hensel pendant une semaine en <strong>job shadowing.<\/strong> Nous avons mis en place les premi\u00e8res \u00e9tapes du projet et avons r\u00e9ussi \u00e0 <strong>prendre contact avec les \u00e9l\u00e8ves allemands via une visioconf\u00e9rence<\/strong>. Les \u00e9l\u00e8ves ont ainsi eu le plaisir de rencontrer leurs partenaires.<\/p>\n<p>Nous souhaitons mener \u00e0 bien ce projet ambitieux avant la fin de l\u2019ann\u00e9e et publier les podcasts produits par nos \u00e9l\u00e8ves.<\/p>\n<p>&nbsp;<\/p>\n<p>The 1re Euro class is taking part this year in an eTwinning project entitled \u201cConsumer Protection\u201d, co-founded by Ms Farkamekh Leila (France) and Ms Hensel Isabelle (Germany).<\/p>\n<p>The project is implemented on the European platform ESEP in cooperation with German partners based in Dortmund. It focuses on exploring and comparing consumer rights in France, Germany, and other countries around the world.<\/p>\n<p>The final outcome of the project will be the creation of podcasts on the theme \u201cConsumer Protection\u201d, produced collaboratively by students from both schools.<\/p>\n<p>As part of the project preparation, Ms Hensel was hosted for a one-week job shadowing visit. This opportunity helped establish the initial stages of the project and enabled early contact between French and German students through a video conference coordinated by the teachers involved. The students were pleased to meet their international partners.<\/p>\n<p>The project team hopes to complete this ambitious collaboration by the end of the school year and to publish the podcasts created by the students.<\/p>\n<p>&nbsp;<\/p>\n<p><img loading=\"lazy\" decoding=\"async\" class=\"aligncenter wp-image-13189 size-large\" src=\"https:\/\/lyceemauriac.fr\/wp-content\/uploads\/2026\/04\/13340-1024x768.jpg\" alt=\"\" width=\"640\" height=\"480\" srcset=\"https:\/\/lyceemauriac.fr\/wp-content\/uploads\/2026\/04\/13340-1024x768.jpg 1024w, https:\/\/lyceemauriac.fr\/wp-content\/uploads\/2026\/04\/13340-200x150.jpg 200w, https:\/\/lyceemauriac.fr\/wp-content\/uploads\/2026\/04\/13340-768x576.jpg 768w, https:\/\/lyceemauriac.fr\/wp-content\/uploads\/2026\/04\/13340-1536x1152.jpg 1536w, https:\/\/lyceemauriac.fr\/wp-content\/uploads\/2026\/04\/13340-333x250.jpg 333w, https:\/\/lyceemauriac.fr\/wp-content\/uploads\/2026\/04\/13340.jpg 2048w\" sizes=\"auto, (max-width: 640px) 100vw, 640px\" \/><\/p>\n<p>&nbsp;<\/p>\n","protected":false},"excerpt":{"rendered":"<p>La classe de 1re Euro 1, participe cette ann\u00e9e \u00e0 un projet eTwinning intitul\u00e9 \u00ab Consumer Protection \u00bb, cofond\u00e9 par Mme. Leila Farkamekh, professeur d\u2019anglais et Mme. Isabelle Hensel, professeure d\u2019anglais et de sciences \u00e9conomiques en Allemagne. Ce projet est men\u00e9 de fa\u00e7on virtuelle sur la plateforme europ\u00e9enne ESEP avec des partenaires allemands \u00e0 Dortmund. [&hellip;]<\/p>\n","protected":false},"author":55,"featured_media":12997,"comment_status":"closed","ping_status":"open","sticky":false,"template":"","format":"standard","meta":{"footnotes":""},"categories":[33,79,39],"tags":[],"class_list":["post-13188","post","type-post","status-publish","format-standard","has-post-thumbnail","hentry","category-anglais","category-erasmus","category-zbandeau"],"_links":{"self":[{"href":"https:\/\/lyceemauriac.fr\/index.php\/wp-json\/wp\/v2\/posts\/13188","targetHints":{"allow":["GET"]}}],"collection":[{"href":"https:\/\/lyceemauriac.fr\/index.php\/wp-json\/wp\/v2\/posts"}],"about":[{"href":"https:\/\/lyceemauriac.fr\/index.php\/wp-json\/wp\/v2\/types\/post"}],"author":[{"embeddable":true,"href":"https:\/\/lyceemauriac.fr\/index.php\/wp-json\/wp\/v2\/users\/55"}],"replies":[{"embeddable":true,"href":"https:\/\/lyceemauriac.fr\/index.php\/wp-json\/wp\/v2\/comments?post=13188"}],"version-history":[{"count":3,"href":"https:\/\/lyceemauriac.fr\/index.php\/wp-json\/wp\/v2\/posts\/13188\/revisions"}],"predecessor-version":[{"id":13206,"href":"https:\/\/lyceemauriac.fr\/index.php\/wp-json\/wp\/v2\/posts\/13188\/revisions\/13206"}],"wp:featuredmedia":[{"embeddable":true,"href":"https:\/\/lyceemauriac.fr\/index.php\/wp-json\/wp\/v2\/media\/12997"}],"wp:attachment":[{"href":"https:\/\/lyceemauriac.fr\/index.php\/wp-json\/wp\/v2\/media?parent=13188"}],"wp:term":[{"taxonomy":"category","embeddable":true,"href":"https:\/\/lyceemauriac.fr\/index.php\/wp-json\/wp\/v2\/categories?post=13188"},{"taxonomy":"post_tag","embeddable":true,"href":"https:\/\/lyceemauriac.fr\/index.php\/wp-json\/wp\/v2\/tags?post=13188"}],"curies":[{"name":"wp","href":"https:\/\/api.w.org\/{rel}","templated":true}]}}