{"id":13192,"date":"2026-04-29T08:32:04","date_gmt":"2026-04-29T06:32:04","guid":{"rendered":"https:\/\/lyceemauriac.fr\/?p=13192"},"modified":"2026-04-29T08:46:00","modified_gmt":"2026-04-29T06:46:00","slug":"programme-erasmus-une-invitee-experte-au-lycee-francois-mauriac","status":"publish","type":"post","link":"https:\/\/lyceemauriac.fr\/index.php\/2026\/04\/29\/programme-erasmus-une-invitee-experte-au-lycee-francois-mauriac\/","title":{"rendered":"Programme Erasmus+: une experte en th\u00e9\u00e2tre invit\u00e9e au lyc\u00e9e Fran\u00e7ois Mauriac"},"content":{"rendered":"<p>Dans le cadre de notre <strong>programme Erasmus+<\/strong>, nous avons eu le plaisir d&rsquo;accueillir lundi 27 et mardi 28 avril 2026, <strong>Mme Francesca Berardi<\/strong> du <strong>lyc\u00e9e partenaire Enrico Medi de<\/strong> <strong>Senigallia<\/strong> en Italie.\u00a0Cette professeure d&rsquo;espagnol est \u00e9galement<strong> com\u00e9dienne, metteuse en sc\u00e8ne<\/strong> et charg\u00e9e du <strong>LAP<\/strong> (Laboratoire des Arts Perfomatifs), un atelier th\u00e9\u00e2tre ouvert \u00e0 toute la communaut\u00e9 \u00e9ducative : <a href=\"https:\/\/www.liceoenricomedi.edu.it\/index.php\/2025\/10\/13\/lap-laboratorio-arti-performative\/\">https:\/\/www.liceoenricomedi.edu.it\/index.php\/2025\/10\/13\/lap-laboratorio-arti-performative\/<\/a><\/p>\n<p>Venue en tant qu&rsquo;<strong>experte-invit\u00e9e Erasmus+<\/strong>, Francesca Berardi a organis\u00e9 deux temps de <strong>formation autour de l&rsquo;utilisation du th\u00e9\u00e2tre en cours de langues notamment <\/strong>: exercices de d\u00e9tente et de mobilisation de l&rsquo;attention, ateliers d&rsquo;\u00e9criture cr\u00e9ative, lecture expressive, r\u00e9alisation de tableaux vivants etc.<\/p>\n<p><img loading=\"lazy\" decoding=\"async\" class=\"size-medium wp-image-13195 alignleft\" src=\"https:\/\/lyceemauriac.fr\/wp-content\/uploads\/2026\/04\/13427-150x200.jpg\" alt=\"\" width=\"150\" height=\"200\" srcset=\"https:\/\/lyceemauriac.fr\/wp-content\/uploads\/2026\/04\/13427-150x200.jpg 150w, https:\/\/lyceemauriac.fr\/wp-content\/uploads\/2026\/04\/13427-768x1024.jpg 768w, https:\/\/lyceemauriac.fr\/wp-content\/uploads\/2026\/04\/13427-1152x1536.jpg 1152w, https:\/\/lyceemauriac.fr\/wp-content\/uploads\/2026\/04\/13427-188x250.jpg 188w, https:\/\/lyceemauriac.fr\/wp-content\/uploads\/2026\/04\/13427.jpg 1530w\" sizes=\"auto, (max-width: 150px) 100vw, 150px\" \/><\/p>\n<p>Autant d&rsquo;<strong>id\u00e9es et de pratiques inspirantes<\/strong> pour les enseignants du lyc\u00e9e qui, gr\u00e2ce \u00e0 ce temps de formation, ont pu <strong>gagner en comp\u00e9tences<\/strong> et s&rsquo;exprimer en langue \u00e9trang\u00e8re (anglais et espagnol). <strong>Enrichissement<\/strong> et <strong>ouverture d&rsquo;esprit<\/strong>, notre programme Erasmus n&rsquo;a jamais autant mieux port\u00e9 son slogan !<\/p>\n<p><img loading=\"lazy\" decoding=\"async\" class=\"size-medium wp-image-13194 alignleft\" src=\"https:\/\/lyceemauriac.fr\/wp-content\/uploads\/2026\/04\/13426-150x200.jpg\" alt=\"\" width=\"150\" height=\"200\" srcset=\"https:\/\/lyceemauriac.fr\/wp-content\/uploads\/2026\/04\/13426-150x200.jpg 150w, https:\/\/lyceemauriac.fr\/wp-content\/uploads\/2026\/04\/13426-768x1024.jpg 768w, https:\/\/lyceemauriac.fr\/wp-content\/uploads\/2026\/04\/13426-1152x1536.jpg 1152w, https:\/\/lyceemauriac.fr\/wp-content\/uploads\/2026\/04\/13426-188x250.jpg 188w, https:\/\/lyceemauriac.fr\/wp-content\/uploads\/2026\/04\/13426.jpg 1530w\" sizes=\"auto, (max-width: 150px) 100vw, 150px\" \/><\/p>\n<p>&nbsp;<\/p>\n","protected":false},"excerpt":{"rendered":"<p>Dans le cadre de notre programme Erasmus+, nous avons eu le plaisir d&rsquo;accueillir lundi 27 et mardi 28 avril 2026, Mme Francesca Berardi du lyc\u00e9e partenaire Enrico Medi de Senigallia en Italie.\u00a0Cette professeure d&rsquo;espagnol est \u00e9galement com\u00e9dienne, metteuse en sc\u00e8ne et charg\u00e9e du LAP (Laboratoire des Arts Perfomatifs), un atelier th\u00e9\u00e2tre ouvert \u00e0 toute la [&hellip;]<\/p>\n","protected":false},"author":55,"featured_media":12535,"comment_status":"closed","ping_status":"open","sticky":false,"template":"","format":"standard","meta":{"footnotes":""},"categories":[79,39],"tags":[],"class_list":["post-13192","post","type-post","status-publish","format-standard","has-post-thumbnail","hentry","category-erasmus","category-zbandeau"],"_links":{"self":[{"href":"https:\/\/lyceemauriac.fr\/index.php\/wp-json\/wp\/v2\/posts\/13192","targetHints":{"allow":["GET"]}}],"collection":[{"href":"https:\/\/lyceemauriac.fr\/index.php\/wp-json\/wp\/v2\/posts"}],"about":[{"href":"https:\/\/lyceemauriac.fr\/index.php\/wp-json\/wp\/v2\/types\/post"}],"author":[{"embeddable":true,"href":"https:\/\/lyceemauriac.fr\/index.php\/wp-json\/wp\/v2\/users\/55"}],"replies":[{"embeddable":true,"href":"https:\/\/lyceemauriac.fr\/index.php\/wp-json\/wp\/v2\/comments?post=13192"}],"version-history":[{"count":11,"href":"https:\/\/lyceemauriac.fr\/index.php\/wp-json\/wp\/v2\/posts\/13192\/revisions"}],"predecessor-version":[{"id":13210,"href":"https:\/\/lyceemauriac.fr\/index.php\/wp-json\/wp\/v2\/posts\/13192\/revisions\/13210"}],"wp:featuredmedia":[{"embeddable":true,"href":"https:\/\/lyceemauriac.fr\/index.php\/wp-json\/wp\/v2\/media\/12535"}],"wp:attachment":[{"href":"https:\/\/lyceemauriac.fr\/index.php\/wp-json\/wp\/v2\/media?parent=13192"}],"wp:term":[{"taxonomy":"category","embeddable":true,"href":"https:\/\/lyceemauriac.fr\/index.php\/wp-json\/wp\/v2\/categories?post=13192"},{"taxonomy":"post_tag","embeddable":true,"href":"https:\/\/lyceemauriac.fr\/index.php\/wp-json\/wp\/v2\/tags?post=13192"}],"curies":[{"name":"wp","href":"https:\/\/api.w.org\/{rel}","templated":true}]}}