{"id":1506,"date":"2017-03-10T09:28:54","date_gmt":"2017-03-10T08:28:54","guid":{"rendered":"https:\/\/lyceemauriac.fr\/?p=1506"},"modified":"2017-05-02T08:37:49","modified_gmt":"2017-05-02T06:37:49","slug":"marche-parrainee-sur-les-quais-de-bordeaux","status":"publish","type":"post","link":"https:\/\/lyceemauriac.fr\/index.php\/2017\/03\/10\/marche-parrainee-sur-les-quais-de-bordeaux\/","title":{"rendered":"Marche Parrain\u00e9e sur les Quais de Bordeaux (Samedi 25 MARS 2017 de 12h30 \u00e0 18h00)"},"content":{"rendered":"<p><img loading=\"lazy\" decoding=\"async\" class=\"alignnone wp-image-1508\" src=\"https:\/\/lyceemauriac.fr\/wp-content\/uploads\/2017\/03\/Logo-MDL-Eiffel.jpg\" alt=\"\" width=\"215\" height=\"152\" srcset=\"https:\/\/lyceemauriac.fr\/wp-content\/uploads\/2017\/03\/Logo-MDL-Eiffel.jpg 3508w, https:\/\/lyceemauriac.fr\/wp-content\/uploads\/2017\/03\/Logo-MDL-Eiffel-200x141.jpg 200w, https:\/\/lyceemauriac.fr\/wp-content\/uploads\/2017\/03\/Logo-MDL-Eiffel-768x543.jpg 768w, https:\/\/lyceemauriac.fr\/wp-content\/uploads\/2017\/03\/Logo-MDL-Eiffel-1024x724.jpg 1024w, https:\/\/lyceemauriac.fr\/wp-content\/uploads\/2017\/03\/Logo-MDL-Eiffel-354x250.jpg 354w\" sizes=\"auto, (max-width: 215px) 100vw, 215px\" \/><a href=\"https:\/\/www.facebook.com\/mdlmauriac\/\"><img loading=\"lazy\" decoding=\"async\" class=\"alignnone wp-image-620\" src=\"https:\/\/lyceemauriac.fr\/wp-content\/uploads\/2017\/01\/LogoMDLbis-e1483739160659.jpg\" alt=\"\" width=\"128\" height=\"134\" \/><\/a><a href=\"https:\/\/www.facebook.com\/HipHumanHope\/\"><img loading=\"lazy\" decoding=\"async\" class=\"alignleft wp-image-1592\" src=\"https:\/\/lyceemauriac.fr\/wp-content\/uploads\/2017\/03\/Hip-Human-Hope.jpg\" alt=\"\" width=\"144\" height=\"124\" srcset=\"https:\/\/lyceemauriac.fr\/wp-content\/uploads\/2017\/03\/Hip-Human-Hope.jpg 525w, https:\/\/lyceemauriac.fr\/wp-content\/uploads\/2017\/03\/Hip-Human-Hope-200x173.jpg 200w, https:\/\/lyceemauriac.fr\/wp-content\/uploads\/2017\/03\/Hip-Human-Hope-290x250.jpg 290w\" sizes=\"auto, (max-width: 144px) 100vw, 144px\" \/><\/a><\/p>\n<p>La MDL de Mauriac est heureuse de vous annoncer la cr\u00e9ation d\u2019un partenariat avec la MDL du lyc\u00e9e Gustave Eiffel.<\/p>\n<p>Le but de ce partenariat est de permettre \u00e0 des lyc\u00e9ens investis dans la vie associative de leur lyc\u00e9e de se rencontrer et de monter un projet commun afin de soutenir des actions humanitaires.<\/p>\n<p>Le Samedi 25 MARS 2017 de 12h30 \u00e0 18h00, sur les Quais de Bordeaux, des adh\u00e9rents volontaires de la MDL vont marcher ou courir entre la maison \u00e9co-citoyenne et le hangar 14 afin de soutenir l&rsquo;association <a href=\"https:\/\/fr-fr.facebook.com\/HipHumanHope\/\">\u00ab\u00a0Hip Human Hope\u00a0\u00bb<\/a>. Une somme sera vers\u00e9e \u00e0 cette association en fonction des kilom\u00e8tres parcourus.<\/p>\n<p>Nous invitons tous les adh\u00e9rents de la MDL \u00e0 s&rsquo;engager dans cette action sportive et humanitaire.<\/p>\n<p>Si tu es int\u00e9ress\u00e9(e), voici une lettre d&rsquo;autorisation \u00e0 signer et \u00e0 retourner au bureau de la MDL.<\/p>\n<p style=\"text-align: center;\">Autorisation Parentale Marche Parain\u00e9e<\/p>\n","protected":false},"excerpt":{"rendered":"<p>La MDL de Mauriac est heureuse de vous annoncer la cr\u00e9ation d\u2019un partenariat avec la MDL du lyc\u00e9e Gustave Eiffel. Le but de ce partenariat est de permettre \u00e0 des lyc\u00e9ens investis dans la vie associative de leur lyc\u00e9e de se rencontrer et de monter un projet commun afin de soutenir des actions humanitaires. Le [&hellip;]<\/p>\n","protected":false},"author":16,"featured_media":1510,"comment_status":"closed","ping_status":"open","sticky":false,"template":"","format":"standard","meta":{"footnotes":""},"categories":[21,14],"tags":[],"class_list":["post-1506","post","type-post","status-publish","format-standard","has-post-thumbnail","hentry","category-culture","category-mdl"],"_links":{"self":[{"href":"https:\/\/lyceemauriac.fr\/index.php\/wp-json\/wp\/v2\/posts\/1506","targetHints":{"allow":["GET"]}}],"collection":[{"href":"https:\/\/lyceemauriac.fr\/index.php\/wp-json\/wp\/v2\/posts"}],"about":[{"href":"https:\/\/lyceemauriac.fr\/index.php\/wp-json\/wp\/v2\/types\/post"}],"author":[{"embeddable":true,"href":"https:\/\/lyceemauriac.fr\/index.php\/wp-json\/wp\/v2\/users\/16"}],"replies":[{"embeddable":true,"href":"https:\/\/lyceemauriac.fr\/index.php\/wp-json\/wp\/v2\/comments?post=1506"}],"version-history":[{"count":11,"href":"https:\/\/lyceemauriac.fr\/index.php\/wp-json\/wp\/v2\/posts\/1506\/revisions"}],"predecessor-version":[{"id":1955,"href":"https:\/\/lyceemauriac.fr\/index.php\/wp-json\/wp\/v2\/posts\/1506\/revisions\/1955"}],"wp:featuredmedia":[{"embeddable":true,"href":"https:\/\/lyceemauriac.fr\/index.php\/wp-json\/wp\/v2\/media\/1510"}],"wp:attachment":[{"href":"https:\/\/lyceemauriac.fr\/index.php\/wp-json\/wp\/v2\/media?parent=1506"}],"wp:term":[{"taxonomy":"category","embeddable":true,"href":"https:\/\/lyceemauriac.fr\/index.php\/wp-json\/wp\/v2\/categories?post=1506"},{"taxonomy":"post_tag","embeddable":true,"href":"https:\/\/lyceemauriac.fr\/index.php\/wp-json\/wp\/v2\/tags?post=1506"}],"curies":[{"name":"wp","href":"https:\/\/api.w.org\/{rel}","templated":true}]}}