{"id":1626,"date":"2017-03-21T11:34:53","date_gmt":"2017-03-21T10:34:53","guid":{"rendered":"https:\/\/lyceemauriac.fr\/?p=1626"},"modified":"2017-03-21T15:10:41","modified_gmt":"2017-03-21T14:10:41","slug":"rencontre-avec-thomas-salvador","status":"publish","type":"post","link":"https:\/\/lyceemauriac.fr\/index.php\/2017\/03\/21\/rencontre-avec-thomas-salvador\/","title":{"rendered":"Rencontre avec Thomas Salvador"},"content":{"rendered":"<p>Dans le cadre de l&rsquo;op\u00e9ration <em>Lyc\u00e9ens au cin\u00e9ma<\/em>, les \u00e9l\u00e8ves de Seconde 6 et de Premi\u00e8re ES2 rencontreront mercredi 22\/03 \u00e0 10h en salle polyvalente <a href=\"https:\/\/fr.wikipedia.org\/wiki\/Thomas_Salvador\">Thomas Salvador<\/a>, r\u00e9alisateur et acteur du film \u00ab\u00a0<a href=\"https:\/\/fr.wikipedia.org\/wiki\/Vincent_n%27a_pas_d%27%C3%A9cailles\">Vincent n&rsquo;a pas d&rsquo;\u00e9cailles<\/a>\u00ab\u00a0.<\/p>\n","protected":false},"excerpt":{"rendered":"<p>Dans le cadre de l&rsquo;op\u00e9ration Lyc\u00e9ens au cin\u00e9ma, les \u00e9l\u00e8ves de Seconde 6 et de Premi\u00e8re ES2 rencontreront mercredi 22\/03 \u00e0 10h en salle polyvalente Thomas Salvador, r\u00e9alisateur et acteur du film \u00ab\u00a0Vincent n&rsquo;a pas d&rsquo;\u00e9cailles\u00ab\u00a0.<\/p>\n","protected":false},"author":37,"featured_media":1627,"comment_status":"closed","ping_status":"open","sticky":false,"template":"","format":"standard","meta":{"footnotes":""},"categories":[21],"tags":[],"class_list":["post-1626","post","type-post","status-publish","format-standard","has-post-thumbnail","hentry","category-culture"],"_links":{"self":[{"href":"https:\/\/lyceemauriac.fr\/index.php\/wp-json\/wp\/v2\/posts\/1626","targetHints":{"allow":["GET"]}}],"collection":[{"href":"https:\/\/lyceemauriac.fr\/index.php\/wp-json\/wp\/v2\/posts"}],"about":[{"href":"https:\/\/lyceemauriac.fr\/index.php\/wp-json\/wp\/v2\/types\/post"}],"author":[{"embeddable":true,"href":"https:\/\/lyceemauriac.fr\/index.php\/wp-json\/wp\/v2\/users\/37"}],"replies":[{"embeddable":true,"href":"https:\/\/lyceemauriac.fr\/index.php\/wp-json\/wp\/v2\/comments?post=1626"}],"version-history":[{"count":6,"href":"https:\/\/lyceemauriac.fr\/index.php\/wp-json\/wp\/v2\/posts\/1626\/revisions"}],"predecessor-version":[{"id":1634,"href":"https:\/\/lyceemauriac.fr\/index.php\/wp-json\/wp\/v2\/posts\/1626\/revisions\/1634"}],"wp:featuredmedia":[{"embeddable":true,"href":"https:\/\/lyceemauriac.fr\/index.php\/wp-json\/wp\/v2\/media\/1627"}],"wp:attachment":[{"href":"https:\/\/lyceemauriac.fr\/index.php\/wp-json\/wp\/v2\/media?parent=1626"}],"wp:term":[{"taxonomy":"category","embeddable":true,"href":"https:\/\/lyceemauriac.fr\/index.php\/wp-json\/wp\/v2\/categories?post=1626"},{"taxonomy":"post_tag","embeddable":true,"href":"https:\/\/lyceemauriac.fr\/index.php\/wp-json\/wp\/v2\/tags?post=1626"}],"curies":[{"name":"wp","href":"https:\/\/api.w.org\/{rel}","templated":true}]}}