{"id":1678,"date":"2017-03-26T08:41:54","date_gmt":"2017-03-26T06:41:54","guid":{"rendered":"https:\/\/lyceemauriac.fr\/?p=1678"},"modified":"2017-03-26T22:15:19","modified_gmt":"2017-03-26T20:15:19","slug":"course-dorientation","status":"publish","type":"post","link":"https:\/\/lyceemauriac.fr\/index.php\/2017\/03\/26\/course-dorientation\/","title":{"rendered":"Course d&rsquo;orientation"},"content":{"rendered":"<div id=\"m_-5580135867455172815yui_3_16_0_ym19_1_1490350520429_3075\" dir=\"ltr\"><span id=\"m_-5580135867455172815yui_3_16_0_ym19_1_1490350520429_8323\">Le 22 mars se tenaient les Championnats d\u00e9partementaux de Course d&rsquo;Orientation. Le lyc\u00e9e Mauriac \u00e9tait repr\u00e9sent\u00e9 par 3 \u00e9quipes.<\/span><\/div>\n<div id=\"m_-5580135867455172815yui_3_16_0_ym19_1_1490350520429_3075\" dir=\"ltr\"><span id=\"m_-5580135867455172815yui_3_16_0_ym19_1_1490350520429_9957\">De tr\u00e8s belles performances pour une premi\u00e8re \u00e9dition avec la victoire de Carole, Axel, Baptiste et Jean Guillaume, et une 5\u00e8me et 6\u00e8me place pour les 2 autres \u00e9quipes, toutes qualifi\u00e9es pour l&rsquo;\u00e9tape Acad\u00e9mique.<\/span><\/div>\n<div id=\"m_-5580135867455172815yui_3_16_0_ym19_1_1490350520429_3075\" dir=\"ltr\"><span id=\"m_-5580135867455172815yui_3_16_0_ym19_1_1490350520429_13131\">Les championnats Acad\u00e9miques se tiendront le 5 Avril \u00e0 Sauvagnon (64).<\/span><\/div>\n<div id=\"m_-5580135867455172815yui_3_16_0_ym19_1_1490350520429_3075\" dir=\"ltr\">F\u00e9licitations \u00e0\u00a0\u00a0Carole, Axel, Baptiste T, Jean Guillaume, Raphael, Lucas, Sidonie, Arnaud, R\u00e9mi, Lydie, Thomas et Baptiste D<\/div>\n<div dir=\"ltr\"><img loading=\"lazy\" decoding=\"async\" class=\"aligncenter wp-image-1680 size-large\" src=\"https:\/\/lyceemauriac.fr\/wp-content\/uploads\/2017\/03\/20170322_161050-1024x768.jpg\" alt=\"\" width=\"640\" height=\"480\" srcset=\"https:\/\/lyceemauriac.fr\/wp-content\/uploads\/2017\/03\/20170322_161050-1024x768.jpg 1024w, https:\/\/lyceemauriac.fr\/wp-content\/uploads\/2017\/03\/20170322_161050-200x150.jpg 200w, https:\/\/lyceemauriac.fr\/wp-content\/uploads\/2017\/03\/20170322_161050-768x576.jpg 768w, https:\/\/lyceemauriac.fr\/wp-content\/uploads\/2017\/03\/20170322_161050-333x250.jpg 333w\" sizes=\"auto, (max-width: 640px) 100vw, 640px\" \/><\/div>\n","protected":false},"excerpt":{"rendered":"<p>Le 22 mars se tenaient les Championnats d\u00e9partementaux de Course d&rsquo;Orientation. Le lyc\u00e9e Mauriac \u00e9tait repr\u00e9sent\u00e9 par 3 \u00e9quipes. De tr\u00e8s belles performances pour une premi\u00e8re \u00e9dition avec la victoire de Carole, Axel, Baptiste et Jean Guillaume, et une 5\u00e8me et 6\u00e8me place pour les 2 autres \u00e9quipes, toutes qualifi\u00e9es pour l&rsquo;\u00e9tape Acad\u00e9mique. Les championnats [&hellip;]<\/p>\n","protected":false},"author":10,"featured_media":1679,"comment_status":"closed","ping_status":"open","sticky":false,"template":"","format":"standard","meta":{"footnotes":""},"categories":[23],"tags":[],"class_list":["post-1678","post","type-post","status-publish","format-standard","has-post-thumbnail","hentry","category-association_sportive"],"_links":{"self":[{"href":"https:\/\/lyceemauriac.fr\/index.php\/wp-json\/wp\/v2\/posts\/1678","targetHints":{"allow":["GET"]}}],"collection":[{"href":"https:\/\/lyceemauriac.fr\/index.php\/wp-json\/wp\/v2\/posts"}],"about":[{"href":"https:\/\/lyceemauriac.fr\/index.php\/wp-json\/wp\/v2\/types\/post"}],"author":[{"embeddable":true,"href":"https:\/\/lyceemauriac.fr\/index.php\/wp-json\/wp\/v2\/users\/10"}],"replies":[{"embeddable":true,"href":"https:\/\/lyceemauriac.fr\/index.php\/wp-json\/wp\/v2\/comments?post=1678"}],"version-history":[{"count":2,"href":"https:\/\/lyceemauriac.fr\/index.php\/wp-json\/wp\/v2\/posts\/1678\/revisions"}],"predecessor-version":[{"id":1685,"href":"https:\/\/lyceemauriac.fr\/index.php\/wp-json\/wp\/v2\/posts\/1678\/revisions\/1685"}],"wp:featuredmedia":[{"embeddable":true,"href":"https:\/\/lyceemauriac.fr\/index.php\/wp-json\/wp\/v2\/media\/1679"}],"wp:attachment":[{"href":"https:\/\/lyceemauriac.fr\/index.php\/wp-json\/wp\/v2\/media?parent=1678"}],"wp:term":[{"taxonomy":"category","embeddable":true,"href":"https:\/\/lyceemauriac.fr\/index.php\/wp-json\/wp\/v2\/categories?post=1678"},{"taxonomy":"post_tag","embeddable":true,"href":"https:\/\/lyceemauriac.fr\/index.php\/wp-json\/wp\/v2\/tags?post=1678"}],"curies":[{"name":"wp","href":"https:\/\/api.w.org\/{rel}","templated":true}]}}