{"id":1892,"date":"2017-04-12T15:14:16","date_gmt":"2017-04-12T13:14:16","guid":{"rendered":"https:\/\/lyceemauriac.fr\/?p=1892"},"modified":"2022-01-25T06:39:33","modified_gmt":"2022-01-25T05:39:33","slug":"convocations-bac-annule-et-remplace","status":"publish","type":"post","link":"https:\/\/lyceemauriac.fr\/index.php\/2017\/04\/12\/convocations-bac-annule-et-remplace\/","title":{"rendered":"Convocations Bac : ANNULE ET REMPLACE"},"content":{"rendered":"<p>Les convocations pour le baccalaur\u00e9at d&rsquo;enseignement G\u00e9n\u00e9ral (la s\u00e9rie STMG n&rsquo;est pas concern\u00e9e) envoy\u00e9es par le Rectorat et distribu\u00e9es aux \u00e9l\u00e8ves comportent quelques erreurs.<\/p>\n<p><strong>Nous vous demandons de ne pas en tenir compte<\/strong>.<\/p>\n<p>Les convocations corrig\u00e9es seront remises aux \u00e9l\u00e8ves \u00e0 la rentr\u00e9e de mai 2017 ; Imprim\u00e9es sur du papier jaune, elles comportent la mention imprim\u00e9e en rouge : <span style=\"color: #ff0000;\">ANNULE ET REMPLACE LA PRECEDENTE<\/span><\/p>\n","protected":false},"excerpt":{"rendered":"<p>Les convocations pour le baccalaur\u00e9at d&rsquo;enseignement G\u00e9n\u00e9ral (la s\u00e9rie STMG n&rsquo;est pas concern\u00e9e) envoy\u00e9es par le Rectorat et distribu\u00e9es aux \u00e9l\u00e8ves comportent quelques erreurs. Nous vous demandons de ne pas en tenir compte. Les convocations corrig\u00e9es seront remises aux \u00e9l\u00e8ves \u00e0 la rentr\u00e9e de mai 2017 ; Imprim\u00e9es sur du papier jaune, elles comportent la [&hellip;]<\/p>\n","protected":false},"author":20,"featured_media":0,"comment_status":"closed","ping_status":"open","sticky":false,"template":"","format":"standard","meta":{"footnotes":""},"categories":[2,39],"tags":[],"class_list":["post-1892","post","type-post","status-publish","format-standard","hentry","category-administration","category-zbandeau"],"_links":{"self":[{"href":"https:\/\/lyceemauriac.fr\/index.php\/wp-json\/wp\/v2\/posts\/1892","targetHints":{"allow":["GET"]}}],"collection":[{"href":"https:\/\/lyceemauriac.fr\/index.php\/wp-json\/wp\/v2\/posts"}],"about":[{"href":"https:\/\/lyceemauriac.fr\/index.php\/wp-json\/wp\/v2\/types\/post"}],"author":[{"embeddable":true,"href":"https:\/\/lyceemauriac.fr\/index.php\/wp-json\/wp\/v2\/users\/20"}],"replies":[{"embeddable":true,"href":"https:\/\/lyceemauriac.fr\/index.php\/wp-json\/wp\/v2\/comments?post=1892"}],"version-history":[{"count":2,"href":"https:\/\/lyceemauriac.fr\/index.php\/wp-json\/wp\/v2\/posts\/1892\/revisions"}],"predecessor-version":[{"id":1895,"href":"https:\/\/lyceemauriac.fr\/index.php\/wp-json\/wp\/v2\/posts\/1892\/revisions\/1895"}],"wp:attachment":[{"href":"https:\/\/lyceemauriac.fr\/index.php\/wp-json\/wp\/v2\/media?parent=1892"}],"wp:term":[{"taxonomy":"category","embeddable":true,"href":"https:\/\/lyceemauriac.fr\/index.php\/wp-json\/wp\/v2\/categories?post=1892"},{"taxonomy":"post_tag","embeddable":true,"href":"https:\/\/lyceemauriac.fr\/index.php\/wp-json\/wp\/v2\/tags?post=1892"}],"curies":[{"name":"wp","href":"https:\/\/api.w.org\/{rel}","templated":true}]}}