{"id":1958,"date":"2017-05-05T15:00:53","date_gmt":"2017-05-05T13:00:53","guid":{"rendered":"https:\/\/lyceemauriac.fr\/?p=1958"},"modified":"2017-05-05T19:35:45","modified_gmt":"2017-05-05T17:35:45","slug":"echange-culturel","status":"publish","type":"post","link":"https:\/\/lyceemauriac.fr\/index.php\/2017\/05\/05\/echange-culturel\/","title":{"rendered":"\u00c9change culturel"},"content":{"rendered":"<div dir=\"ltr\">\n<p>Le lyc\u00e9e Fran\u00e7ois Mauriac (sous la responsabilit\u00e9 de Mme SILVA-AUDOIN) organise un \u00e9change avec le lyc\u00e9e Quinta das Flores (Coimbra, Portugal).<\/p>\n<p>14 lyc\u00e9ens et 2 encadrants sont arriv\u00e9s hier (accueil \u00e0 la MDL) et repartent mardi.<\/p>\n<p>Ce sera l&rsquo;occasion d&rsquo;enrichissement culturel, d&rsquo;une revalorisation des valeurs de citoyennet\u00e9 et de consolidation des principes qui fondent la\u00a0communaut\u00e9 europ\u00e9enne propos\u00e9e par Jean Monet.<\/p>\n<p><img loading=\"lazy\" decoding=\"async\" class=\" wp-image-1960 aligncenter\" src=\"https:\/\/lyceemauriac.fr\/wp-content\/uploads\/2017\/05\/coimbra-medium.jpg\" alt=\"\" width=\"400\" height=\"267\" srcset=\"https:\/\/lyceemauriac.fr\/wp-content\/uploads\/2017\/05\/coimbra-medium.jpg 700w, https:\/\/lyceemauriac.fr\/wp-content\/uploads\/2017\/05\/coimbra-medium-200x133.jpg 200w, https:\/\/lyceemauriac.fr\/wp-content\/uploads\/2017\/05\/coimbra-medium-370x247.jpg 370w\" sizes=\"auto, (max-width: 400px) 100vw, 400px\" \/><\/p>\n<\/div>\n","protected":false},"excerpt":{"rendered":"<p>Le lyc\u00e9e Fran\u00e7ois Mauriac (sous la responsabilit\u00e9 de Mme SILVA-AUDOIN) organise un \u00e9change avec le lyc\u00e9e Quinta das Flores (Coimbra, Portugal). 14 lyc\u00e9ens et 2 encadrants sont arriv\u00e9s hier (accueil \u00e0 la MDL) et repartent mardi. Ce sera l&rsquo;occasion d&rsquo;enrichissement culturel, d&rsquo;une revalorisation des valeurs de citoyennet\u00e9 et de consolidation des principes qui fondent la\u00a0communaut\u00e9 [&hellip;]<\/p>\n","protected":false},"author":16,"featured_media":1959,"comment_status":"closed","ping_status":"open","sticky":false,"template":"","format":"standard","meta":{"footnotes":""},"categories":[21,14],"tags":[],"class_list":["post-1958","post","type-post","status-publish","format-standard","has-post-thumbnail","hentry","category-culture","category-mdl"],"_links":{"self":[{"href":"https:\/\/lyceemauriac.fr\/index.php\/wp-json\/wp\/v2\/posts\/1958","targetHints":{"allow":["GET"]}}],"collection":[{"href":"https:\/\/lyceemauriac.fr\/index.php\/wp-json\/wp\/v2\/posts"}],"about":[{"href":"https:\/\/lyceemauriac.fr\/index.php\/wp-json\/wp\/v2\/types\/post"}],"author":[{"embeddable":true,"href":"https:\/\/lyceemauriac.fr\/index.php\/wp-json\/wp\/v2\/users\/16"}],"replies":[{"embeddable":true,"href":"https:\/\/lyceemauriac.fr\/index.php\/wp-json\/wp\/v2\/comments?post=1958"}],"version-history":[{"count":1,"href":"https:\/\/lyceemauriac.fr\/index.php\/wp-json\/wp\/v2\/posts\/1958\/revisions"}],"predecessor-version":[{"id":1961,"href":"https:\/\/lyceemauriac.fr\/index.php\/wp-json\/wp\/v2\/posts\/1958\/revisions\/1961"}],"wp:featuredmedia":[{"embeddable":true,"href":"https:\/\/lyceemauriac.fr\/index.php\/wp-json\/wp\/v2\/media\/1959"}],"wp:attachment":[{"href":"https:\/\/lyceemauriac.fr\/index.php\/wp-json\/wp\/v2\/media?parent=1958"}],"wp:term":[{"taxonomy":"category","embeddable":true,"href":"https:\/\/lyceemauriac.fr\/index.php\/wp-json\/wp\/v2\/categories?post=1958"},{"taxonomy":"post_tag","embeddable":true,"href":"https:\/\/lyceemauriac.fr\/index.php\/wp-json\/wp\/v2\/tags?post=1958"}],"curies":[{"name":"wp","href":"https:\/\/api.w.org\/{rel}","templated":true}]}}