{"id":1987,"date":"2017-05-10T08:53:13","date_gmt":"2017-05-10T06:53:13","guid":{"rendered":"https:\/\/lyceemauriac.fr\/?p=1987"},"modified":"2017-05-10T09:13:17","modified_gmt":"2017-05-10T07:13:17","slug":"la-mdl-au-nouveau-festival","status":"publish","type":"post","link":"https:\/\/lyceemauriac.fr\/index.php\/2017\/05\/10\/la-mdl-au-nouveau-festival\/","title":{"rendered":"La MDL au Nouveau Festival"},"content":{"rendered":"<p><img loading=\"lazy\" decoding=\"async\" class=\"size-full wp-image-1182 alignleft\" src=\"https:\/\/lyceemauriac.fr\/wp-content\/uploads\/2016\/12\/logo-ROcher.jpg\" alt=\"\" width=\"150\" height=\"160\" \/><\/p>\n<p><a href=\"https:\/\/www.le-nouveau-festival.fr\/cenon-12-mai\/\"><img loading=\"lazy\" decoding=\"async\" class=\"size-full wp-image-620 alignright\" src=\"https:\/\/lyceemauriac.fr\/wp-content\/uploads\/2017\/01\/LogoMDLbis-e1483739160659.jpg\" alt=\"\" width=\"150\" height=\"157\" \/><\/a><\/p>\n<p>&nbsp;<\/p>\n<p>&nbsp;<\/p>\n<p>&nbsp;<\/p>\n<p>&nbsp;<\/p>\n<p>&nbsp;<\/p>\n<p>En ce vendredi 12 mai se d\u00e9roule le Nouveau Festival (festival des lyc\u00e9ens) ! La MDL est tr\u00e8s heureuse de vous annoncer que 3 projets qu\u2019elle soutient sont s\u00e9lectionn\u00e9s pour cet \u00e9v\u00e8nement au Rocher de Palmer :<\/p>\n<p>11h00 \u00ab Un homme debout \u00bb (prestation de danse d\u2019une lyc\u00e9enne)<\/p>\n<p>15h00 \u00ab Slameurs mots dits \u00bb (projet des 10 slameurs de l\u2019atelier Slam de la MDL, en partenariat avec l\u2019association \u00ab Street DEF Records \u00bb)<\/p>\n<p>17h30 \u00ab Julie-Rose \u00bb (musicienne en solo, guitare\/chant)<\/p>\n<p>Vous pouvez aussi regarder le live pour admirer nos artistes !<\/p>\n<div class=\"text_exposed_show\">\n<p style=\"text-align: center;\"><a href=\"https:\/\/www.le-nouveau-festival.fr\/cenon-12-mai\/\">www.le-nouveau-festival.fr\/cenon-12-mai<\/a><\/p>\n<\/div>\n<p><iframe loading=\"lazy\" title=\"#NouveauFestival - 2017 - Le Nouveau Festival en livestream\" width=\"640\" height=\"360\" src=\"https:\/\/www.youtube.com\/embed\/n5wgujO3Mx0?feature=oembed\" frameborder=\"0\" allow=\"accelerometer; autoplay; clipboard-write; encrypted-media; gyroscope; picture-in-picture; web-share\" referrerpolicy=\"strict-origin-when-cross-origin\" allowfullscreen><\/iframe><\/p>\n","protected":false},"excerpt":{"rendered":"<p>&nbsp; &nbsp; &nbsp; &nbsp; &nbsp; En ce vendredi 12 mai se d\u00e9roule le Nouveau Festival (festival des lyc\u00e9ens) ! La MDL est tr\u00e8s heureuse de vous annoncer que 3 projets qu\u2019elle soutient sont s\u00e9lectionn\u00e9s pour cet \u00e9v\u00e8nement au Rocher de Palmer : 11h00 \u00ab Un homme debout \u00bb (prestation de danse d\u2019une lyc\u00e9enne) 15h00 \u00ab [&hellip;]<\/p>\n","protected":false},"author":16,"featured_media":1988,"comment_status":"closed","ping_status":"open","sticky":false,"template":"","format":"standard","meta":{"footnotes":""},"categories":[21,14],"tags":[],"class_list":["post-1987","post","type-post","status-publish","format-standard","has-post-thumbnail","hentry","category-culture","category-mdl"],"_links":{"self":[{"href":"https:\/\/lyceemauriac.fr\/index.php\/wp-json\/wp\/v2\/posts\/1987","targetHints":{"allow":["GET"]}}],"collection":[{"href":"https:\/\/lyceemauriac.fr\/index.php\/wp-json\/wp\/v2\/posts"}],"about":[{"href":"https:\/\/lyceemauriac.fr\/index.php\/wp-json\/wp\/v2\/types\/post"}],"author":[{"embeddable":true,"href":"https:\/\/lyceemauriac.fr\/index.php\/wp-json\/wp\/v2\/users\/16"}],"replies":[{"embeddable":true,"href":"https:\/\/lyceemauriac.fr\/index.php\/wp-json\/wp\/v2\/comments?post=1987"}],"version-history":[{"count":5,"href":"https:\/\/lyceemauriac.fr\/index.php\/wp-json\/wp\/v2\/posts\/1987\/revisions"}],"predecessor-version":[{"id":1994,"href":"https:\/\/lyceemauriac.fr\/index.php\/wp-json\/wp\/v2\/posts\/1987\/revisions\/1994"}],"wp:featuredmedia":[{"embeddable":true,"href":"https:\/\/lyceemauriac.fr\/index.php\/wp-json\/wp\/v2\/media\/1988"}],"wp:attachment":[{"href":"https:\/\/lyceemauriac.fr\/index.php\/wp-json\/wp\/v2\/media?parent=1987"}],"wp:term":[{"taxonomy":"category","embeddable":true,"href":"https:\/\/lyceemauriac.fr\/index.php\/wp-json\/wp\/v2\/categories?post=1987"},{"taxonomy":"post_tag","embeddable":true,"href":"https:\/\/lyceemauriac.fr\/index.php\/wp-json\/wp\/v2\/tags?post=1987"}],"curies":[{"name":"wp","href":"https:\/\/api.w.org\/{rel}","templated":true}]}}