{"id":2250,"date":"2017-06-09T18:18:54","date_gmt":"2017-06-09T16:18:54","guid":{"rendered":"https:\/\/lyceemauriac.fr\/?p=2250"},"modified":"2017-06-12T08:23:26","modified_gmt":"2017-06-12T06:23:26","slug":"des-eleves-du-lycee-a-oradour-sur-glane","status":"publish","type":"post","link":"https:\/\/lyceemauriac.fr\/index.php\/2017\/06\/09\/des-eleves-du-lycee-a-oradour-sur-glane\/","title":{"rendered":"Des \u00e9l\u00e8ves du lyc\u00e9e \u00e0 Oradour sur Glane."},"content":{"rendered":"<p>Oradour sur Glane, un bourg autrefois paisible et dynamique avec son tramway et ses nombreux commerces va conna\u00eetre l&rsquo;horreur le 10 juin 1944. Vers 14h environ 200 soldats allemands de la division SS \u00ab\u00a0das Reich\u00a0\u00bb encerclent le village puis rassemblent la population sur la grande place du village jour de foire, pr\u00e9tendant \u00e0 un simple contr\u00f4le d&rsquo;identit\u00e9. Les hommes sont r\u00e9partis dans diverses granges tandis que les femmes et les enfants sont regroup\u00e9s dans l&rsquo;\u00e9glise. En quelques minutes les hommes sont abattus et br\u00fbl\u00e9s ,seuls 6 rescap\u00e9s dont un seul survivant Robert Hebras. Ce sera ensuite le tour des femmes et des enfants. Cette horrible massacre fit 642 victimes innocentes. En 1946 les ruines du village martyr sont class\u00e9es Monument Historique et le m\u00e9morial a \u00e9t\u00e9 inaugur\u00e9 en 1999.<br \/>\n5 \u00e9l\u00e8ves du lyc\u00e9e Fran\u00e7ois Mauriac de Bordeaux , gr\u00e2ce \u00e0 l&rsquo;inspection acad\u00e9mique de Gironde ont eu l&rsquo;occasion de visiter cette ville fant\u00f4me le 31 mai 2017 situ\u00e9 en Haute Vienne \u00e0 environ 20 kilom\u00e8tres de Limoges. Apr\u00e8s avoir visit\u00e9 le mus\u00e9e qui nous a permis de comprendre le contexte historique du massacre en visite guid\u00e9e, puis nous avons parcouru les rues du village martyr d\u00e9truit pour l&rsquo;exemple par les nazis .Nous avons visit\u00e9 de multiples habitations, le cimeti\u00e8re, la crypte o\u00f9 figure le nom des 642 victimes ,le monument aux morts, les granges, les vestiges des diverses boutiques et l&rsquo;\u00e9glise d&rsquo;o\u00f9 s&rsquo;est \u00e9chapp\u00e9e une survivante.<br \/>\nCe fut une sortie \u00e0 la fois enrichissante et bouleversante.<\/p>\n<p>Julie Rapnouil et Nabila Boudjema \u00e9l\u00e8ves de 213 accompagn\u00e9s par Mr Foussat.<\/p>\n<div style=\"width: 640px;\" class=\"wp-video\"><!--[if lt IE 9]><script>document.createElement('video');<\/script><![endif]-->\n<video class=\"wp-video-shortcode\" id=\"video-2250-1\" width=\"640\" height=\"360\" preload=\"metadata\" controls=\"controls\"><source type=\"video\/mp4\" src=\"http:\/\/lyceemauriac.fr\/video\/oradour.mp4?_=1\" \/><a href=\"http:\/\/lyceemauriac.fr\/video\/oradour.mp4\">http:\/\/lyceemauriac.fr\/video\/oradour.mp4<\/a><\/video><\/div>\n","protected":false},"excerpt":{"rendered":"<p>Oradour sur Glane, un bourg autrefois paisible et dynamique avec son tramway et ses nombreux commerces va conna\u00eetre l&rsquo;horreur le 10 juin 1944. Vers 14h environ 200 soldats allemands de la division SS \u00ab\u00a0das Reich\u00a0\u00bb encerclent le village puis rassemblent la population sur la grande place du village jour de foire, pr\u00e9tendant \u00e0 un simple [&hellip;]<\/p>\n","protected":false},"author":3,"featured_media":2251,"comment_status":"closed","ping_status":"open","sticky":false,"template":"","format":"standard","meta":{"footnotes":""},"categories":[21,7],"tags":[],"class_list":["post-2250","post","type-post","status-publish","format-standard","has-post-thumbnail","hentry","category-culture","category-formations"],"_links":{"self":[{"href":"https:\/\/lyceemauriac.fr\/index.php\/wp-json\/wp\/v2\/posts\/2250","targetHints":{"allow":["GET"]}}],"collection":[{"href":"https:\/\/lyceemauriac.fr\/index.php\/wp-json\/wp\/v2\/posts"}],"about":[{"href":"https:\/\/lyceemauriac.fr\/index.php\/wp-json\/wp\/v2\/types\/post"}],"author":[{"embeddable":true,"href":"https:\/\/lyceemauriac.fr\/index.php\/wp-json\/wp\/v2\/users\/3"}],"replies":[{"embeddable":true,"href":"https:\/\/lyceemauriac.fr\/index.php\/wp-json\/wp\/v2\/comments?post=2250"}],"version-history":[{"count":4,"href":"https:\/\/lyceemauriac.fr\/index.php\/wp-json\/wp\/v2\/posts\/2250\/revisions"}],"predecessor-version":[{"id":2264,"href":"https:\/\/lyceemauriac.fr\/index.php\/wp-json\/wp\/v2\/posts\/2250\/revisions\/2264"}],"wp:featuredmedia":[{"embeddable":true,"href":"https:\/\/lyceemauriac.fr\/index.php\/wp-json\/wp\/v2\/media\/2251"}],"wp:attachment":[{"href":"https:\/\/lyceemauriac.fr\/index.php\/wp-json\/wp\/v2\/media?parent=2250"}],"wp:term":[{"taxonomy":"category","embeddable":true,"href":"https:\/\/lyceemauriac.fr\/index.php\/wp-json\/wp\/v2\/categories?post=2250"},{"taxonomy":"post_tag","embeddable":true,"href":"https:\/\/lyceemauriac.fr\/index.php\/wp-json\/wp\/v2\/tags?post=2250"}],"curies":[{"name":"wp","href":"https:\/\/api.w.org\/{rel}","templated":true}]}}