{"id":2333,"date":"2017-07-12T08:52:38","date_gmt":"2017-07-12T06:52:38","guid":{"rendered":"https:\/\/lyceemauriac.fr\/?p=2333"},"modified":"2017-07-12T08:52:38","modified_gmt":"2017-07-12T06:52:38","slug":"le-lycee-est-ferme-du-14-juillet-au-20-aout-2017-inclus","status":"publish","type":"post","link":"https:\/\/lyceemauriac.fr\/index.php\/2017\/07\/12\/le-lycee-est-ferme-du-14-juillet-au-20-aout-2017-inclus\/","title":{"rendered":"Le lyc\u00e9e est ferm\u00e9 du 14 juillet au 20 ao\u00fbt 2017 inclus"},"content":{"rendered":"","protected":false},"excerpt":{"rendered":"","protected":false},"author":20,"featured_media":2334,"comment_status":"closed","ping_status":"open","sticky":false,"template":"","format":"standard","meta":{"footnotes":""},"categories":[2],"tags":[],"class_list":["post-2333","post","type-post","status-publish","format-standard","has-post-thumbnail","hentry","category-administration"],"_links":{"self":[{"href":"https:\/\/lyceemauriac.fr\/index.php\/wp-json\/wp\/v2\/posts\/2333","targetHints":{"allow":["GET"]}}],"collection":[{"href":"https:\/\/lyceemauriac.fr\/index.php\/wp-json\/wp\/v2\/posts"}],"about":[{"href":"https:\/\/lyceemauriac.fr\/index.php\/wp-json\/wp\/v2\/types\/post"}],"author":[{"embeddable":true,"href":"https:\/\/lyceemauriac.fr\/index.php\/wp-json\/wp\/v2\/users\/20"}],"replies":[{"embeddable":true,"href":"https:\/\/lyceemauriac.fr\/index.php\/wp-json\/wp\/v2\/comments?post=2333"}],"version-history":[{"count":1,"href":"https:\/\/lyceemauriac.fr\/index.php\/wp-json\/wp\/v2\/posts\/2333\/revisions"}],"predecessor-version":[{"id":2335,"href":"https:\/\/lyceemauriac.fr\/index.php\/wp-json\/wp\/v2\/posts\/2333\/revisions\/2335"}],"wp:featuredmedia":[{"embeddable":true,"href":"https:\/\/lyceemauriac.fr\/index.php\/wp-json\/wp\/v2\/media\/2334"}],"wp:attachment":[{"href":"https:\/\/lyceemauriac.fr\/index.php\/wp-json\/wp\/v2\/media?parent=2333"}],"wp:term":[{"taxonomy":"category","embeddable":true,"href":"https:\/\/lyceemauriac.fr\/index.php\/wp-json\/wp\/v2\/categories?post=2333"},{"taxonomy":"post_tag","embeddable":true,"href":"https:\/\/lyceemauriac.fr\/index.php\/wp-json\/wp\/v2\/tags?post=2333"}],"curies":[{"name":"wp","href":"https:\/\/api.w.org\/{rel}","templated":true}]}}