{"id":2381,"date":"2017-07-17T19:49:28","date_gmt":"2017-07-17T17:49:28","guid":{"rendered":"https:\/\/lyceemauriac.fr\/?p=2381"},"modified":"2017-07-18T10:28:13","modified_gmt":"2017-07-18T08:28:13","slug":"suivez-les-eleves-du-lycee-a-la-conf-scratch","status":"publish","type":"post","link":"https:\/\/lyceemauriac.fr\/index.php\/2017\/07\/17\/suivez-les-eleves-du-lycee-a-la-conf-scratch\/","title":{"rendered":"Suivez les \u00e9l\u00e8ves du lyc\u00e9e \u00e0 la Conf Scratch"},"content":{"rendered":"<p>Ce mercredi 19 juillet, \u00e0 15h20, 9 \u00e9l\u00e8ves de Seconde 10 (ICN) participeront \u00e0 la Conf\u00e9rence Mondiale Scratch se d\u00e9roulant \u00e0 Talence. Cette conf\u00e9rence, dont le programme est disponible <a href=\"http:\/\/www.scratch2017bdx.org\/en\/program\/\">ici<\/a>, rassemble les plus grands sp\u00e9cialistes mondiaux de l&rsquo;informatique \u00e9ducative.<\/p>\n<p>Sur plus de 300 intervenants, ils seront les seuls \u00e9l\u00e8ves, c&rsquo;est dire si leur participation est d\u00e9j\u00e0 un exploit !<\/p>\n<p>Accompagn\u00e9s de leur professeur M. Lassus, ils viendront pr\u00e9senter (en anglais) une installation r\u00e9alis\u00e9e en fin d&rsquo;ann\u00e9e autour de 5 robots PoppyErgoJr (pr\u00eat\u00e9s au lyc\u00e9e depuis 2 ans dans le cadre de notre partenariat avec l&rsquo;INRIA). Ces robots reconnaissent la couleur des balles qu&rsquo;ils manipulent, se les transmettent&#8230; mais chut ! Les \u00e9l\u00e8ves d\u00e9voileront l&rsquo;installation compl\u00e8te ce mercredi.<\/p>\n<p>Petit teaser en vid\u00e9o, disponible sur leur <a href=\"https:\/\/twitter.com\/ICN_MauriacBdx\">compte Twitter<\/a> :<\/p>\n<blockquote class=\"twitter-video\" data-lang=\"fr\">\n<p dir=\"ltr\" lang=\"en\">Looking forward to meet everyone at <a href=\"https:\/\/twitter.com\/scratch2017bdx\">@scratch2017bdx<\/a> !<br \/>\nOur setup is ready <a href=\"https:\/\/twitter.com\/PoppyEducation\">@PoppyEducation<\/a> <a href=\"https:\/\/twitter.com\/acbordeaux\">@acbordeaux<\/a> <a href=\"https:\/\/twitter.com\/BordeauxDane\">@BordeauxDane<\/a> <a href=\"https:\/\/twitter.com\/pollen_robotics\">@pollen_robotics<\/a> <a href=\"https:\/\/t.co\/nuFbZpTUpC\">pic.twitter.com\/nuFbZpTUpC<\/a><\/p>\n<p>\u2014 ICN-MauriacBdx (@ICN_MauriacBdx) <a href=\"https:\/\/twitter.com\/ICN_MauriacBdx\/status\/886210716360994820\">15 juillet 2017<\/a><\/p><\/blockquote>\n<p><script async src=\"\/\/platform.twitter.com\/widgets.js\" charset=\"utf-8\"><\/script><\/p>\n<p>L&rsquo;intervention des 8 \u00e9l\u00e8ves (Mercredi 19, \u00e0 15h20) sera retransmise en direct :<\/p>\n<p><a href=\"http:\/\/www.scratch2017bdx.org\/en\/live\/\">http:\/\/www.scratch2017bdx.org\/en\/live\/<\/a><\/p>\n<p>F\u00e9licitations aux 9 \u00e9l\u00e8ves (Malo Lebreton, H\u00e9lo\u00efse Petit, Ga\u00ebtan Bonneau, Arthur Laforest, Aymerick Samba, Marco Sloim Dafonte,\u00a0 Anna San Millan, Zo\u00e9 Vimp\u00e8re, F\u00e9lix Boutet) qui viendront en pleines vacances porter haut les couleurs de leur \u00e9tablissement\u00a0 !<\/p>\n<p>&nbsp;<\/p>\n<p>&nbsp;<\/p>\n","protected":false},"excerpt":{"rendered":"<p>Ce mercredi 19 juillet, \u00e0 15h20, 9 \u00e9l\u00e8ves de Seconde 10 (ICN) participeront \u00e0 la Conf\u00e9rence Mondiale Scratch se d\u00e9roulant \u00e0 Talence. Cette conf\u00e9rence, dont le programme est disponible ici, rassemble les plus grands sp\u00e9cialistes mondiaux de l&rsquo;informatique \u00e9ducative. Sur plus de 300 intervenants, ils seront les seuls \u00e9l\u00e8ves, c&rsquo;est dire si leur participation est [&hellip;]<\/p>\n","protected":false},"author":2,"featured_media":2382,"comment_status":"closed","ping_status":"open","sticky":false,"template":"","format":"standard","meta":{"footnotes":""},"categories":[46],"tags":[],"class_list":["post-2381","post","type-post","status-publish","format-standard","has-post-thumbnail","hentry","category-icn"],"_links":{"self":[{"href":"https:\/\/lyceemauriac.fr\/index.php\/wp-json\/wp\/v2\/posts\/2381","targetHints":{"allow":["GET"]}}],"collection":[{"href":"https:\/\/lyceemauriac.fr\/index.php\/wp-json\/wp\/v2\/posts"}],"about":[{"href":"https:\/\/lyceemauriac.fr\/index.php\/wp-json\/wp\/v2\/types\/post"}],"author":[{"embeddable":true,"href":"https:\/\/lyceemauriac.fr\/index.php\/wp-json\/wp\/v2\/users\/2"}],"replies":[{"embeddable":true,"href":"https:\/\/lyceemauriac.fr\/index.php\/wp-json\/wp\/v2\/comments?post=2381"}],"version-history":[{"count":8,"href":"https:\/\/lyceemauriac.fr\/index.php\/wp-json\/wp\/v2\/posts\/2381\/revisions"}],"predecessor-version":[{"id":2390,"href":"https:\/\/lyceemauriac.fr\/index.php\/wp-json\/wp\/v2\/posts\/2381\/revisions\/2390"}],"wp:featuredmedia":[{"embeddable":true,"href":"https:\/\/lyceemauriac.fr\/index.php\/wp-json\/wp\/v2\/media\/2382"}],"wp:attachment":[{"href":"https:\/\/lyceemauriac.fr\/index.php\/wp-json\/wp\/v2\/media?parent=2381"}],"wp:term":[{"taxonomy":"category","embeddable":true,"href":"https:\/\/lyceemauriac.fr\/index.php\/wp-json\/wp\/v2\/categories?post=2381"},{"taxonomy":"post_tag","embeddable":true,"href":"https:\/\/lyceemauriac.fr\/index.php\/wp-json\/wp\/v2\/tags?post=2381"}],"curies":[{"name":"wp","href":"https:\/\/api.w.org\/{rel}","templated":true}]}}