{"id":2828,"date":"2017-11-10T13:19:04","date_gmt":"2017-11-10T12:19:04","guid":{"rendered":"https:\/\/lyceemauriac.fr\/?p=2828"},"modified":"2017-11-13T10:39:10","modified_gmt":"2017-11-13T09:39:10","slug":"tombola-as-mdl","status":"publish","type":"post","link":"https:\/\/lyceemauriac.fr\/index.php\/2017\/11\/10\/tombola-as-mdl\/","title":{"rendered":"Tombola (AS &#038; MDL)"},"content":{"rendered":"<p style=\"text-align: center;\"><strong>L\u2019Association Sportive (AS) &amp; <\/strong><strong>la Maison des Lyc\u00e9ens (MDL) s\u2019associent <\/strong><strong>pour la tombola organis\u00e9e par l\u2019UNSS Gironde !<\/strong><\/p>\n<p style=\"text-align: center;\">VENTE via les professeurs de sport et au bureau de la MDL jusqu\u2019au 24 novembre.<\/p>\n<p style=\"text-align: center;\">Les r\u00e9sultats devraient avoir lieu lors du <a href=\"https:\/\/www.facebook.com\/events\/126908381333371\/\" target=\"_blank\" rel=\"noopener\"><strong><u>\u00ab\u00a0Vide Fringues &amp; Foire aux Livres\u00a0\u00bb<\/u><\/strong><\/a><\/p>\n<p style=\"text-align: center;\">organis\u00e9 le <strong><u>Samedi 16 d\u00e9cembre<\/u><\/strong> au gymnase du lyc\u00e9e Fran\u00e7ois Mauriac.<\/p>\n","protected":false},"excerpt":{"rendered":"<p>L\u2019Association Sportive (AS) &amp; la Maison des Lyc\u00e9ens (MDL) s\u2019associent pour la tombola organis\u00e9e par l\u2019UNSS Gironde ! VENTE via les professeurs de sport et au bureau de la MDL jusqu\u2019au 24 novembre. Les r\u00e9sultats devraient avoir lieu lors du \u00ab\u00a0Vide Fringues &amp; Foire aux Livres\u00a0\u00bb organis\u00e9 le Samedi 16 d\u00e9cembre au gymnase du lyc\u00e9e [&hellip;]<\/p>\n","protected":false},"author":16,"featured_media":2830,"comment_status":"closed","ping_status":"open","sticky":false,"template":"","format":"standard","meta":{"footnotes":""},"categories":[23,14,61,43],"tags":[],"class_list":["post-2828","post","type-post","status-publish","format-standard","has-post-thumbnail","hentry","category-association_sportive","category-mdl","category-parents","category-viedulycee"],"_links":{"self":[{"href":"https:\/\/lyceemauriac.fr\/index.php\/wp-json\/wp\/v2\/posts\/2828","targetHints":{"allow":["GET"]}}],"collection":[{"href":"https:\/\/lyceemauriac.fr\/index.php\/wp-json\/wp\/v2\/posts"}],"about":[{"href":"https:\/\/lyceemauriac.fr\/index.php\/wp-json\/wp\/v2\/types\/post"}],"author":[{"embeddable":true,"href":"https:\/\/lyceemauriac.fr\/index.php\/wp-json\/wp\/v2\/users\/16"}],"replies":[{"embeddable":true,"href":"https:\/\/lyceemauriac.fr\/index.php\/wp-json\/wp\/v2\/comments?post=2828"}],"version-history":[{"count":2,"href":"https:\/\/lyceemauriac.fr\/index.php\/wp-json\/wp\/v2\/posts\/2828\/revisions"}],"predecessor-version":[{"id":2832,"href":"https:\/\/lyceemauriac.fr\/index.php\/wp-json\/wp\/v2\/posts\/2828\/revisions\/2832"}],"wp:featuredmedia":[{"embeddable":true,"href":"https:\/\/lyceemauriac.fr\/index.php\/wp-json\/wp\/v2\/media\/2830"}],"wp:attachment":[{"href":"https:\/\/lyceemauriac.fr\/index.php\/wp-json\/wp\/v2\/media?parent=2828"}],"wp:term":[{"taxonomy":"category","embeddable":true,"href":"https:\/\/lyceemauriac.fr\/index.php\/wp-json\/wp\/v2\/categories?post=2828"},{"taxonomy":"post_tag","embeddable":true,"href":"https:\/\/lyceemauriac.fr\/index.php\/wp-json\/wp\/v2\/tags?post=2828"}],"curies":[{"name":"wp","href":"https:\/\/api.w.org\/{rel}","templated":true}]}}