{"id":3214,"date":"2018-01-19T15:45:14","date_gmt":"2018-01-19T14:45:14","guid":{"rendered":"https:\/\/lyceemauriac.fr\/?p=3214"},"modified":"2018-01-19T18:28:05","modified_gmt":"2018-01-19T17:28:05","slug":"journee-de-la-reussite-en-stmg","status":"publish","type":"post","link":"https:\/\/lyceemauriac.fr\/index.php\/2018\/01\/19\/journee-de-la-reussite-en-stmg\/","title":{"rendered":"Journ\u00e9e de la r\u00e9ussite en STMG"},"content":{"rendered":"<p>Le mardi 30 janvier 2018 nous accueillerons une quinzaine d&rsquo;anciens \u00e9l\u00e8ves de terminale STMG du lyc\u00e9e. Ces derniers qui sont devenus \u00e9tudiants ou professionnels, viendront partager leurs diff\u00e9rentes exp\u00e9riences afin de permettre \u00e0 nos \u00e9l\u00e8ves de TSTMG1 et TSTMG2 de peaufiner leurs voeux de poursuite d&rsquo;\u00e9tudes post-bac.<\/p>\n<p>Cette rencontre se d\u00e9roulera sous la forme d&rsquo;ateliers dans le b\u00e2timent 2 de 14 h \u00e0 17 h et elle consistera pour les \u00e9l\u00e8ves d&rsquo;interroger des personnes qui \u00e9taient dans la m\u00eame situation qu&rsquo;eux il y a quelques ann\u00e9es.<\/p>\n<p>Laurent Borda, C\u00e9dric Cantaloube et Laurent Venchiarutti<\/p>\n","protected":false},"excerpt":{"rendered":"<p>Le mardi 30 janvier 2018 nous accueillerons une quinzaine d&rsquo;anciens \u00e9l\u00e8ves de terminale STMG du lyc\u00e9e. Ces derniers qui sont devenus \u00e9tudiants ou professionnels, viendront partager leurs diff\u00e9rentes exp\u00e9riences afin de permettre \u00e0 nos \u00e9l\u00e8ves de TSTMG1 et TSTMG2 de peaufiner leurs voeux de poursuite d&rsquo;\u00e9tudes post-bac. Cette rencontre se d\u00e9roulera sous la forme d&rsquo;ateliers [&hellip;]<\/p>\n","protected":false},"author":32,"featured_media":3220,"comment_status":"closed","ping_status":"open","sticky":false,"template":"","format":"standard","meta":{"footnotes":""},"categories":[27],"tags":[],"class_list":["post-3214","post","type-post","status-publish","format-standard","has-post-thumbnail","hentry","category-pedagogie"],"_links":{"self":[{"href":"https:\/\/lyceemauriac.fr\/index.php\/wp-json\/wp\/v2\/posts\/3214","targetHints":{"allow":["GET"]}}],"collection":[{"href":"https:\/\/lyceemauriac.fr\/index.php\/wp-json\/wp\/v2\/posts"}],"about":[{"href":"https:\/\/lyceemauriac.fr\/index.php\/wp-json\/wp\/v2\/types\/post"}],"author":[{"embeddable":true,"href":"https:\/\/lyceemauriac.fr\/index.php\/wp-json\/wp\/v2\/users\/32"}],"replies":[{"embeddable":true,"href":"https:\/\/lyceemauriac.fr\/index.php\/wp-json\/wp\/v2\/comments?post=3214"}],"version-history":[{"count":1,"href":"https:\/\/lyceemauriac.fr\/index.php\/wp-json\/wp\/v2\/posts\/3214\/revisions"}],"predecessor-version":[{"id":3215,"href":"https:\/\/lyceemauriac.fr\/index.php\/wp-json\/wp\/v2\/posts\/3214\/revisions\/3215"}],"wp:featuredmedia":[{"embeddable":true,"href":"https:\/\/lyceemauriac.fr\/index.php\/wp-json\/wp\/v2\/media\/3220"}],"wp:attachment":[{"href":"https:\/\/lyceemauriac.fr\/index.php\/wp-json\/wp\/v2\/media?parent=3214"}],"wp:term":[{"taxonomy":"category","embeddable":true,"href":"https:\/\/lyceemauriac.fr\/index.php\/wp-json\/wp\/v2\/categories?post=3214"},{"taxonomy":"post_tag","embeddable":true,"href":"https:\/\/lyceemauriac.fr\/index.php\/wp-json\/wp\/v2\/tags?post=3214"}],"curies":[{"name":"wp","href":"https:\/\/api.w.org\/{rel}","templated":true}]}}