{"id":3374,"date":"2018-02-11T20:51:54","date_gmt":"2018-02-11T19:51:54","guid":{"rendered":"https:\/\/lyceemauriac.fr\/?p=3374"},"modified":"2018-02-12T18:17:02","modified_gmt":"2018-02-12T17:17:02","slug":"le-lycee-francois-mauriac-vu-du-ciel","status":"publish","type":"post","link":"https:\/\/lyceemauriac.fr\/index.php\/2018\/02\/11\/le-lycee-francois-mauriac-vu-du-ciel\/","title":{"rendered":"Le lyc\u00e9e Fran\u00e7ois Mauriac vu du ciel"},"content":{"rendered":"<p>Pour pr\u00e9senter le lyc\u00e9e au <a href=\"https:\/\/lyceemauriac.fr\/index.php\/2018\/02\/06\/francois-mauriac-au-forum-des-formations\/\">forum des formations de la rive droite<\/a>,\u00a0 notre chef des agents Jos\u00e9 Leitao a film\u00e9 depuis un drone les b\u00e2timents et la cour du lyc\u00e9e. Les images sont superbes !<\/p>\n<div style=\"width: 640px;\" class=\"wp-video\"><!--[if lt IE 9]><script>document.createElement('video');<\/script><![endif]-->\n<video class=\"wp-video-shortcode\" id=\"video-3374-1\" width=\"640\" height=\"360\" preload=\"metadata\" controls=\"controls\"><source type=\"video\/mp4\" src=\"https:\/\/lyceemauriac.fr\/wp-content\/uploads\/2018\/02\/Pr\u00e9sentation-Lyc\u00e9e-Francois-Mauriac.m4v?_=1\" \/><a href=\"https:\/\/lyceemauriac.fr\/wp-content\/uploads\/2018\/02\/Pr\u00e9sentation-Lyc\u00e9e-Francois-Mauriac.m4v\">https:\/\/lyceemauriac.fr\/wp-content\/uploads\/2018\/02\/Pr\u00e9sentation-Lyc\u00e9e-Francois-Mauriac.m4v<\/a><\/video><\/div>\n","protected":false},"excerpt":{"rendered":"<p>Pour pr\u00e9senter le lyc\u00e9e au forum des formations de la rive droite,\u00a0 notre chef des agents Jos\u00e9 Leitao a film\u00e9 depuis un drone les b\u00e2timents et la cour du lyc\u00e9e. Les images sont superbes !<\/p>\n","protected":false},"author":2,"featured_media":3375,"comment_status":"closed","ping_status":"open","sticky":false,"template":"","format":"standard","meta":{"footnotes":""},"categories":[43],"tags":[],"class_list":["post-3374","post","type-post","status-publish","format-standard","has-post-thumbnail","hentry","category-viedulycee"],"_links":{"self":[{"href":"https:\/\/lyceemauriac.fr\/index.php\/wp-json\/wp\/v2\/posts\/3374","targetHints":{"allow":["GET"]}}],"collection":[{"href":"https:\/\/lyceemauriac.fr\/index.php\/wp-json\/wp\/v2\/posts"}],"about":[{"href":"https:\/\/lyceemauriac.fr\/index.php\/wp-json\/wp\/v2\/types\/post"}],"author":[{"embeddable":true,"href":"https:\/\/lyceemauriac.fr\/index.php\/wp-json\/wp\/v2\/users\/2"}],"replies":[{"embeddable":true,"href":"https:\/\/lyceemauriac.fr\/index.php\/wp-json\/wp\/v2\/comments?post=3374"}],"version-history":[{"count":4,"href":"https:\/\/lyceemauriac.fr\/index.php\/wp-json\/wp\/v2\/posts\/3374\/revisions"}],"predecessor-version":[{"id":3379,"href":"https:\/\/lyceemauriac.fr\/index.php\/wp-json\/wp\/v2\/posts\/3374\/revisions\/3379"}],"wp:featuredmedia":[{"embeddable":true,"href":"https:\/\/lyceemauriac.fr\/index.php\/wp-json\/wp\/v2\/media\/3375"}],"wp:attachment":[{"href":"https:\/\/lyceemauriac.fr\/index.php\/wp-json\/wp\/v2\/media?parent=3374"}],"wp:term":[{"taxonomy":"category","embeddable":true,"href":"https:\/\/lyceemauriac.fr\/index.php\/wp-json\/wp\/v2\/categories?post=3374"},{"taxonomy":"post_tag","embeddable":true,"href":"https:\/\/lyceemauriac.fr\/index.php\/wp-json\/wp\/v2\/tags?post=3374"}],"curies":[{"name":"wp","href":"https:\/\/api.w.org\/{rel}","templated":true}]}}