{"id":3382,"date":"2018-02-13T12:01:31","date_gmt":"2018-02-13T11:01:31","guid":{"rendered":"https:\/\/lyceemauriac.fr\/?p=3382"},"modified":"2018-03-03T18:43:10","modified_gmt":"2018-03-03T17:43:10","slug":"youssra-etudiante-en-bts-nrc-representera-lacademie-au-concours-de-lexcellence-commerciale","status":"publish","type":"post","link":"https:\/\/lyceemauriac.fr\/index.php\/2018\/02\/13\/youssra-etudiante-en-bts-nrc-representera-lacademie-au-concours-de-lexcellence-commerciale\/","title":{"rendered":"Youssra, \u00e9tudiante en BTS NRC, laur\u00e9ate acad\u00e9mique au concours de l&rsquo;Excellence commerciale"},"content":{"rendered":"<p>La commission, r\u00e9unie dans le cadre du concours de\u00a0l&rsquo;Excellence commerciale 2018, a\u00a0d\u00e9sign\u00e9 <strong>Youssra laur\u00e9ate de ce premier tour acad\u00e9mique<\/strong>.<\/p>\n<p>Au travers de son dossier, la commission a appr\u00e9ci\u00e9 l&rsquo;ampleur du projet commercial que Youssra r\u00e9alise en stages depuis plus d&rsquo;un an, en termes d&rsquo;acquisition et de consolidation de comp\u00e9tences, dans un cadre organisationnel bien \u00e9toff\u00e9 (une \u00e9quipe de commerciaux structur\u00e9e, pr\u00e9sente autour d&rsquo;elle et qui lui a d\u00e9l\u00e9gu\u00e9 des missions). C&rsquo;est l\u00e0 tout l&rsquo;objet du concours bas\u00e9 sur la co-formation.<\/p>\n<p>Elle concourt maintenant pour \u00eatre parmi les 10 meilleurs de France qui participeront \u00e0 la grande finale nationale, \u00e0 Paris au mois d&rsquo;avril.<\/p>\n<p>F\u00e9licitations et bonne continuation !<\/p>\n<p>&nbsp;<\/p>\n<div style=\"width: 640px;\" class=\"wp-video\"><!--[if lt IE 9]><script>document.createElement('video');<\/script><![endif]-->\n<video class=\"wp-video-shortcode\" id=\"video-3382-1\" width=\"640\" height=\"360\" preload=\"metadata\" controls=\"controls\"><source type=\"video\/mp4\" src=\"https:\/\/lyceemauriac.fr\/wp-content\/uploads\/2018\/02\/Vid\u00e9o-Youssra-Mesnaoui-BTS-NRC-Lyc\u00e9e-F.-Mauriac-Bordeaux.mp4?_=1\" \/><a href=\"https:\/\/lyceemauriac.fr\/wp-content\/uploads\/2018\/02\/Vid\u00e9o-Youssra-Mesnaoui-BTS-NRC-Lyc\u00e9e-F.-Mauriac-Bordeaux.mp4\">https:\/\/lyceemauriac.fr\/wp-content\/uploads\/2018\/02\/Vid\u00e9o-Youssra-Mesnaoui-BTS-NRC-Lyc\u00e9e-F.-Mauriac-Bordeaux.mp4<\/a><\/video><\/div>\n","protected":false},"excerpt":{"rendered":"<p>La commission, r\u00e9unie dans le cadre du concours de\u00a0l&rsquo;Excellence commerciale 2018, a\u00a0d\u00e9sign\u00e9 Youssra laur\u00e9ate de ce premier tour acad\u00e9mique. Au travers de son dossier, la commission a appr\u00e9ci\u00e9 l&rsquo;ampleur du projet commercial que Youssra r\u00e9alise en stages depuis plus d&rsquo;un an, en termes d&rsquo;acquisition et de consolidation de comp\u00e9tences, dans un cadre organisationnel bien \u00e9toff\u00e9 [&hellip;]<\/p>\n","protected":false},"author":23,"featured_media":3396,"comment_status":"closed","ping_status":"open","sticky":false,"template":"","format":"standard","meta":{"footnotes":""},"categories":[32],"tags":[],"class_list":["post-3382","post","type-post","status-publish","format-standard","has-post-thumbnail","hentry","category-bts_nrc"],"_links":{"self":[{"href":"https:\/\/lyceemauriac.fr\/index.php\/wp-json\/wp\/v2\/posts\/3382","targetHints":{"allow":["GET"]}}],"collection":[{"href":"https:\/\/lyceemauriac.fr\/index.php\/wp-json\/wp\/v2\/posts"}],"about":[{"href":"https:\/\/lyceemauriac.fr\/index.php\/wp-json\/wp\/v2\/types\/post"}],"author":[{"embeddable":true,"href":"https:\/\/lyceemauriac.fr\/index.php\/wp-json\/wp\/v2\/users\/23"}],"replies":[{"embeddable":true,"href":"https:\/\/lyceemauriac.fr\/index.php\/wp-json\/wp\/v2\/comments?post=3382"}],"version-history":[{"count":13,"href":"https:\/\/lyceemauriac.fr\/index.php\/wp-json\/wp\/v2\/posts\/3382\/revisions"}],"predecessor-version":[{"id":3428,"href":"https:\/\/lyceemauriac.fr\/index.php\/wp-json\/wp\/v2\/posts\/3382\/revisions\/3428"}],"wp:featuredmedia":[{"embeddable":true,"href":"https:\/\/lyceemauriac.fr\/index.php\/wp-json\/wp\/v2\/media\/3396"}],"wp:attachment":[{"href":"https:\/\/lyceemauriac.fr\/index.php\/wp-json\/wp\/v2\/media?parent=3382"}],"wp:term":[{"taxonomy":"category","embeddable":true,"href":"https:\/\/lyceemauriac.fr\/index.php\/wp-json\/wp\/v2\/categories?post=3382"},{"taxonomy":"post_tag","embeddable":true,"href":"https:\/\/lyceemauriac.fr\/index.php\/wp-json\/wp\/v2\/tags?post=3382"}],"curies":[{"name":"wp","href":"https:\/\/api.w.org\/{rel}","templated":true}]}}