{"id":3631,"date":"2018-03-27T08:16:44","date_gmt":"2018-03-27T06:16:44","guid":{"rendered":"https:\/\/lyceemauriac.fr\/?p=3631"},"modified":"2018-03-29T19:38:05","modified_gmt":"2018-03-29T17:38:05","slug":"gym-acro-demain-cest-le-grand-jour","status":"publish","type":"post","link":"https:\/\/lyceemauriac.fr\/index.php\/2018\/03\/27\/gym-acro-demain-cest-le-grand-jour\/","title":{"rendered":"Gym acro : mercredi 28 mars c&rsquo;est le grand jour"},"content":{"rendered":"<p>Apr\u00e8s une comp\u00e9tition d\u00e9partementale \u00e0 Salles sans adversaires, les deux \u00e9quipes de gymnastique acrobatique du lyc\u00e9e vont tenter d&rsquo;obtenir, mercredi 28 mars, leur ticket pour les championnats de France.<\/p>\n<p>Cette ann\u00e9e, il faudra montrer tout le travail accompli depuis septembre pour esp\u00e9rer la qualification devant l&rsquo;\u00e9quipe de la Dordogne.<\/p>\n<p>ALLEZ LES FILLES<img loading=\"lazy\" decoding=\"async\" class=\"alignleft size-medium wp-image-3632\" src=\"https:\/\/lyceemauriac.fr\/wp-content\/uploads\/2018\/03\/IMG_2018-e1522131357810-200x150.jpg\" alt=\"\" width=\"200\" height=\"150\" srcset=\"https:\/\/lyceemauriac.fr\/wp-content\/uploads\/2018\/03\/IMG_2018-e1522131357810-200x150.jpg 200w, https:\/\/lyceemauriac.fr\/wp-content\/uploads\/2018\/03\/IMG_2018-e1522131357810-768x576.jpg 768w, https:\/\/lyceemauriac.fr\/wp-content\/uploads\/2018\/03\/IMG_2018-e1522131357810-1024x768.jpg 1024w, https:\/\/lyceemauriac.fr\/wp-content\/uploads\/2018\/03\/IMG_2018-e1522131357810-333x250.jpg 333w\" sizes=\"auto, (max-width: 200px) 100vw, 200px\" \/><\/p>\n","protected":false},"excerpt":{"rendered":"<p>Apr\u00e8s une comp\u00e9tition d\u00e9partementale \u00e0 Salles sans adversaires, les deux \u00e9quipes de gymnastique acrobatique du lyc\u00e9e vont tenter d&rsquo;obtenir, mercredi 28 mars, leur ticket pour les championnats de France. Cette ann\u00e9e, il faudra montrer tout le travail accompli depuis septembre pour esp\u00e9rer la qualification devant l&rsquo;\u00e9quipe de la Dordogne. ALLEZ LES FILLES<\/p>\n","protected":false},"author":10,"featured_media":3632,"comment_status":"closed","ping_status":"open","sticky":false,"template":"","format":"standard","meta":{"footnotes":""},"categories":[23],"tags":[],"class_list":["post-3631","post","type-post","status-publish","format-standard","has-post-thumbnail","hentry","category-association_sportive"],"_links":{"self":[{"href":"https:\/\/lyceemauriac.fr\/index.php\/wp-json\/wp\/v2\/posts\/3631","targetHints":{"allow":["GET"]}}],"collection":[{"href":"https:\/\/lyceemauriac.fr\/index.php\/wp-json\/wp\/v2\/posts"}],"about":[{"href":"https:\/\/lyceemauriac.fr\/index.php\/wp-json\/wp\/v2\/types\/post"}],"author":[{"embeddable":true,"href":"https:\/\/lyceemauriac.fr\/index.php\/wp-json\/wp\/v2\/users\/10"}],"replies":[{"embeddable":true,"href":"https:\/\/lyceemauriac.fr\/index.php\/wp-json\/wp\/v2\/comments?post=3631"}],"version-history":[{"count":2,"href":"https:\/\/lyceemauriac.fr\/index.php\/wp-json\/wp\/v2\/posts\/3631\/revisions"}],"predecessor-version":[{"id":3641,"href":"https:\/\/lyceemauriac.fr\/index.php\/wp-json\/wp\/v2\/posts\/3631\/revisions\/3641"}],"wp:featuredmedia":[{"embeddable":true,"href":"https:\/\/lyceemauriac.fr\/index.php\/wp-json\/wp\/v2\/media\/3632"}],"wp:attachment":[{"href":"https:\/\/lyceemauriac.fr\/index.php\/wp-json\/wp\/v2\/media?parent=3631"}],"wp:term":[{"taxonomy":"category","embeddable":true,"href":"https:\/\/lyceemauriac.fr\/index.php\/wp-json\/wp\/v2\/categories?post=3631"},{"taxonomy":"post_tag","embeddable":true,"href":"https:\/\/lyceemauriac.fr\/index.php\/wp-json\/wp\/v2\/tags?post=3631"}],"curies":[{"name":"wp","href":"https:\/\/api.w.org\/{rel}","templated":true}]}}