{"id":3645,"date":"2018-03-29T19:51:17","date_gmt":"2018-03-29T17:51:17","guid":{"rendered":"https:\/\/lyceemauriac.fr\/?p=3645"},"modified":"2018-03-29T20:35:11","modified_gmt":"2018-03-29T18:35:11","slug":"les-frances-pour-la-gym-acro","status":"publish","type":"post","link":"https:\/\/lyceemauriac.fr\/index.php\/2018\/03\/29\/les-frances-pour-la-gym-acro\/","title":{"rendered":"Les championnats de France pour la gym acro"},"content":{"rendered":"<p>Apr\u00e8s quelques minutes de suspense, l&rsquo;\u00e9quipe du lyc\u00e9e s&rsquo;est qualifi\u00e9e pour les Championnats de France qui se d\u00e9rouleront fin mai \u00e0 Maromme pr\u00e8s de Rouen.<\/p>\n<p>Cette ann\u00e9e un autre lyc\u00e9e \u00e9tait qualifi\u00e9 pour les championnats acad\u00e9miques et nos \u00e9quipes avaient la pression. Les plus jeunes de l&rsquo;\u00e9quipe 2 ont r\u00e9alis\u00e9 deux beaux passages, l&rsquo;\u00e9quipe 1 apr\u00e8s un premier passage remarquable, a chut\u00e9 sur une pyramide et s&rsquo;est fait une belle frayeur.<\/p>\n<p>Au final, l&rsquo;\u00e9quipe 1 finit championne acad\u00e9mique et l&rsquo;\u00e9quipe 2 est deuxi\u00e8me. C&rsquo;est une \u00e9quipe remodel\u00e9e \u00e0 6 qui partira aux \u00ab\u00a0France\u00a0\u00bb avec son juge et son jeune coach.<\/p>\n<p>&nbsp;<\/p>\n","protected":false},"excerpt":{"rendered":"<p>Apr\u00e8s quelques minutes de suspense, l&rsquo;\u00e9quipe du lyc\u00e9e s&rsquo;est qualifi\u00e9e pour les Championnats de France qui se d\u00e9rouleront fin mai \u00e0 Maromme pr\u00e8s de Rouen. Cette ann\u00e9e un autre lyc\u00e9e \u00e9tait qualifi\u00e9 pour les championnats acad\u00e9miques et nos \u00e9quipes avaient la pression. Les plus jeunes de l&rsquo;\u00e9quipe 2 ont r\u00e9alis\u00e9 deux beaux passages, l&rsquo;\u00e9quipe 1 [&hellip;]<\/p>\n","protected":false},"author":10,"featured_media":3646,"comment_status":"closed","ping_status":"open","sticky":false,"template":"","format":"standard","meta":{"footnotes":""},"categories":[23],"tags":[],"class_list":["post-3645","post","type-post","status-publish","format-standard","has-post-thumbnail","hentry","category-association_sportive"],"_links":{"self":[{"href":"https:\/\/lyceemauriac.fr\/index.php\/wp-json\/wp\/v2\/posts\/3645","targetHints":{"allow":["GET"]}}],"collection":[{"href":"https:\/\/lyceemauriac.fr\/index.php\/wp-json\/wp\/v2\/posts"}],"about":[{"href":"https:\/\/lyceemauriac.fr\/index.php\/wp-json\/wp\/v2\/types\/post"}],"author":[{"embeddable":true,"href":"https:\/\/lyceemauriac.fr\/index.php\/wp-json\/wp\/v2\/users\/10"}],"replies":[{"embeddable":true,"href":"https:\/\/lyceemauriac.fr\/index.php\/wp-json\/wp\/v2\/comments?post=3645"}],"version-history":[{"count":3,"href":"https:\/\/lyceemauriac.fr\/index.php\/wp-json\/wp\/v2\/posts\/3645\/revisions"}],"predecessor-version":[{"id":3652,"href":"https:\/\/lyceemauriac.fr\/index.php\/wp-json\/wp\/v2\/posts\/3645\/revisions\/3652"}],"wp:featuredmedia":[{"embeddable":true,"href":"https:\/\/lyceemauriac.fr\/index.php\/wp-json\/wp\/v2\/media\/3646"}],"wp:attachment":[{"href":"https:\/\/lyceemauriac.fr\/index.php\/wp-json\/wp\/v2\/media?parent=3645"}],"wp:term":[{"taxonomy":"category","embeddable":true,"href":"https:\/\/lyceemauriac.fr\/index.php\/wp-json\/wp\/v2\/categories?post=3645"},{"taxonomy":"post_tag","embeddable":true,"href":"https:\/\/lyceemauriac.fr\/index.php\/wp-json\/wp\/v2\/tags?post=3645"}],"curies":[{"name":"wp","href":"https:\/\/api.w.org\/{rel}","templated":true}]}}