{"id":3865,"date":"2018-05-16T10:14:22","date_gmt":"2018-05-16T08:14:22","guid":{"rendered":"https:\/\/lyceemauriac.fr\/?p=3865"},"modified":"2018-05-16T10:19:05","modified_gmt":"2018-05-16T08:19:05","slug":"de-la-bonne-utilisation-des-reseaux-sociaux","status":"publish","type":"post","link":"https:\/\/lyceemauriac.fr\/index.php\/2018\/05\/16\/de-la-bonne-utilisation-des-reseaux-sociaux\/","title":{"rendered":"De la bonne utilisation des r\u00e9seaux sociaux"},"content":{"rendered":"<p>Nous souhaitons rappeler aux \u00e9l\u00e8ves et \u00e0 leurs parents que l&rsquo;anonymat (suppos\u00e9) sur les r\u00e9seaux sociaux ne saurait justifier des propos pouvant porter atteinte \u00e0 la dignit\u00e9 des personnes. Vous trouverez ci-dessous un lien qui peut \u00eatre utile :<\/p>\n<p><a href=\"https:\/\/www.nonauharcelement.education.gouv.fr\/que-faire\/\">https:\/\/www.nonauharcelement.education.gouv.fr\/que-faire\/<\/a><\/p>\n<p>Par ailleurs, nous devons rappeler que l&rsquo;utilisation du logo de l&rsquo;\u00e9tablissement sans autorisation pr\u00e9alable du chef d&rsquo;\u00e9tablissement peut donner lieu \u00e0 des poursuites judiciaires.<\/p>\n","protected":false},"excerpt":{"rendered":"<p>Nous souhaitons rappeler aux \u00e9l\u00e8ves et \u00e0 leurs parents que l&rsquo;anonymat (suppos\u00e9) sur les r\u00e9seaux sociaux ne saurait justifier des propos pouvant porter atteinte \u00e0 la dignit\u00e9 des personnes. Vous trouverez ci-dessous un lien qui peut \u00eatre utile : https:\/\/www.nonauharcelement.education.gouv.fr\/que-faire\/ Par ailleurs, nous devons rappeler que l&rsquo;utilisation du logo de l&rsquo;\u00e9tablissement sans autorisation pr\u00e9alable du [&hellip;]<\/p>\n","protected":false},"author":20,"featured_media":3866,"comment_status":"closed","ping_status":"open","sticky":false,"template":"","format":"standard","meta":{"footnotes":""},"categories":[2,39],"tags":[],"class_list":["post-3865","post","type-post","status-publish","format-standard","has-post-thumbnail","hentry","category-administration","category-zbandeau"],"_links":{"self":[{"href":"https:\/\/lyceemauriac.fr\/index.php\/wp-json\/wp\/v2\/posts\/3865","targetHints":{"allow":["GET"]}}],"collection":[{"href":"https:\/\/lyceemauriac.fr\/index.php\/wp-json\/wp\/v2\/posts"}],"about":[{"href":"https:\/\/lyceemauriac.fr\/index.php\/wp-json\/wp\/v2\/types\/post"}],"author":[{"embeddable":true,"href":"https:\/\/lyceemauriac.fr\/index.php\/wp-json\/wp\/v2\/users\/20"}],"replies":[{"embeddable":true,"href":"https:\/\/lyceemauriac.fr\/index.php\/wp-json\/wp\/v2\/comments?post=3865"}],"version-history":[{"count":1,"href":"https:\/\/lyceemauriac.fr\/index.php\/wp-json\/wp\/v2\/posts\/3865\/revisions"}],"predecessor-version":[{"id":3867,"href":"https:\/\/lyceemauriac.fr\/index.php\/wp-json\/wp\/v2\/posts\/3865\/revisions\/3867"}],"wp:featuredmedia":[{"embeddable":true,"href":"https:\/\/lyceemauriac.fr\/index.php\/wp-json\/wp\/v2\/media\/3866"}],"wp:attachment":[{"href":"https:\/\/lyceemauriac.fr\/index.php\/wp-json\/wp\/v2\/media?parent=3865"}],"wp:term":[{"taxonomy":"category","embeddable":true,"href":"https:\/\/lyceemauriac.fr\/index.php\/wp-json\/wp\/v2\/categories?post=3865"},{"taxonomy":"post_tag","embeddable":true,"href":"https:\/\/lyceemauriac.fr\/index.php\/wp-json\/wp\/v2\/tags?post=3865"}],"curies":[{"name":"wp","href":"https:\/\/api.w.org\/{rel}","templated":true}]}}