{"id":4065,"date":"2018-06-18T11:16:54","date_gmt":"2018-06-18T09:16:54","guid":{"rendered":"https:\/\/lyceemauriac.fr\/?p=4065"},"modified":"2018-06-20T08:52:36","modified_gmt":"2018-06-20T06:52:36","slug":"station-meteo-du-lycee","status":"publish","type":"post","link":"https:\/\/lyceemauriac.fr\/index.php\/2018\/06\/18\/station-meteo-du-lycee\/","title":{"rendered":"Station m\u00e9t\u00e9o du lyc\u00e9e"},"content":{"rendered":"<p>Ce matin avec l&rsquo;aide pr\u00e9cieuse des agents et de notre stagiaire Ilias nous avons r\u00e9install\u00e9 une station m\u00e9t\u00e9o sur le toit du lyc\u00e9e.<\/p>\n<p>Nous avons r\u00e9alis\u00e9 les diff\u00e9rents r\u00e9glages et configur\u00e9 les transferts de donn\u00e9es sur le web.<\/p>\n<p>L&rsquo;affichage ci-dessous s&rsquo;inscrit dans une phase de tests avant la r\u00e9alisation d&rsquo;un projet de site web complet avec les futurs \u00e9l\u00e8ves , un affichage visible sur le site du lyc\u00e9e et sur un \u00e9cran dans le hall d&rsquo;accueil.<\/p>\n<p><img loading=\"lazy\" decoding=\"async\" class=\"size-medium aligncenter\" src=\"http:\/\/yb-isn.fr\/graph1.jpg\" width=\"450\" height=\"230\" \/><\/p>\n<p><img loading=\"lazy\" decoding=\"async\" class=\"size-medium aligncenter\" src=\"http:\/\/yb-isn.fr\/meteo-mauriac\/WindSpeed.gif\" width=\"192\" height=\"192\" \/><\/p>\n<p><img loading=\"lazy\" decoding=\"async\" class=\"size-medium aligncenter\" src=\"http:\/\/yb-isn.fr\/meteo-mauriac\/Winddirection.gif\" width=\"192\" height=\"192\" \/><\/p>\n<p><img loading=\"lazy\" decoding=\"async\" class=\"size-medium aligncenter\" src=\"http:\/\/yb-isn.fr\/meteo-mauriac\/Barometer.gif\" width=\"128\" height=\"220\" \/><\/p>\n<p><img loading=\"lazy\" decoding=\"async\" class=\"size-medium aligncenter\" src=\"http:\/\/yb-isn.fr\/meteo-mauriac\/HeatIndex.gif\" width=\"128\" height=\"220\" \/><\/p>\n<p><img loading=\"lazy\" decoding=\"async\" class=\"size-medium aligncenter\" src=\"http:\/\/yb-isn.fr\/meteo-mauriac\/Dewpoint.gif\" width=\"128\" height=\"220\" \/><\/p>\n<p><img loading=\"lazy\" decoding=\"async\" class=\"size-medium aligncenter\" src=\"http:\/\/yb-isn.fr\/meteo-mauriac\/OutsideHumidity.gif\" width=\"128\" height=\"220\" \/><\/p>\n<p><img loading=\"lazy\" decoding=\"async\" class=\"size-medium aligncenter\" src=\"http:\/\/yb-isn.fr\/meteo-mauriac\/OutsideTemp.gif\" width=\"128\" height=\"220\" \/><\/p>\n<p><img loading=\"lazy\" decoding=\"async\" class=\"size-medium aligncenter\" src=\"http:\/\/yb-isn.fr\/meteo-mauriac\/WindChill.gif\" width=\"128\" height=\"220\" \/><\/p>\n<p><img loading=\"lazy\" decoding=\"async\" class=\"size-medium aligncenter\" src=\"http:\/\/yb-isn.fr\/meteo-mauriac\/HighSolarRadHistory.gif\" width=\"320\" height=\"200\" \/><\/p>\n","protected":false},"excerpt":{"rendered":"<p>Ce matin avec l&rsquo;aide pr\u00e9cieuse des agents et de notre stagiaire Ilias nous avons r\u00e9install\u00e9 une station m\u00e9t\u00e9o sur le toit du lyc\u00e9e. Nous avons r\u00e9alis\u00e9 les diff\u00e9rents r\u00e9glages et configur\u00e9 les transferts de donn\u00e9es sur le web. L&rsquo;affichage ci-dessous s&rsquo;inscrit dans une phase de tests avant la r\u00e9alisation d&rsquo;un projet de site web complet [&hellip;]<\/p>\n","protected":false},"author":3,"featured_media":4066,"comment_status":"closed","ping_status":"open","sticky":false,"template":"","format":"standard","meta":{"footnotes":""},"categories":[20],"tags":[],"class_list":["post-4065","post","type-post","status-publish","format-standard","has-post-thumbnail","hentry","category-tice"],"_links":{"self":[{"href":"https:\/\/lyceemauriac.fr\/index.php\/wp-json\/wp\/v2\/posts\/4065","targetHints":{"allow":["GET"]}}],"collection":[{"href":"https:\/\/lyceemauriac.fr\/index.php\/wp-json\/wp\/v2\/posts"}],"about":[{"href":"https:\/\/lyceemauriac.fr\/index.php\/wp-json\/wp\/v2\/types\/post"}],"author":[{"embeddable":true,"href":"https:\/\/lyceemauriac.fr\/index.php\/wp-json\/wp\/v2\/users\/3"}],"replies":[{"embeddable":true,"href":"https:\/\/lyceemauriac.fr\/index.php\/wp-json\/wp\/v2\/comments?post=4065"}],"version-history":[{"count":17,"href":"https:\/\/lyceemauriac.fr\/index.php\/wp-json\/wp\/v2\/posts\/4065\/revisions"}],"predecessor-version":[{"id":4085,"href":"https:\/\/lyceemauriac.fr\/index.php\/wp-json\/wp\/v2\/posts\/4065\/revisions\/4085"}],"wp:featuredmedia":[{"embeddable":true,"href":"https:\/\/lyceemauriac.fr\/index.php\/wp-json\/wp\/v2\/media\/4066"}],"wp:attachment":[{"href":"https:\/\/lyceemauriac.fr\/index.php\/wp-json\/wp\/v2\/media?parent=4065"}],"wp:term":[{"taxonomy":"category","embeddable":true,"href":"https:\/\/lyceemauriac.fr\/index.php\/wp-json\/wp\/v2\/categories?post=4065"},{"taxonomy":"post_tag","embeddable":true,"href":"https:\/\/lyceemauriac.fr\/index.php\/wp-json\/wp\/v2\/tags?post=4065"}],"curies":[{"name":"wp","href":"https:\/\/api.w.org\/{rel}","templated":true}]}}