{"id":4447,"date":"2018-10-03T10:30:41","date_gmt":"2018-10-03T08:30:41","guid":{"rendered":"https:\/\/lyceemauriac.fr\/?p=4447"},"modified":"2018-10-03T10:30:41","modified_gmt":"2018-10-03T08:30:41","slug":"cvl-mdl-certains-sengagent-pourquoi-pas-toi","status":"publish","type":"post","link":"https:\/\/lyceemauriac.fr\/index.php\/2018\/10\/03\/cvl-mdl-certains-sengagent-pourquoi-pas-toi\/","title":{"rendered":"CVL, MDL, certains s&rsquo;engagent ! Pourquoi pas toi ?"},"content":{"rendered":"<p><strong><span style=\"color: #ff0000;\">&#8211; DU 1er AU 5 OCTOBRE <\/span><\/strong><\/p>\n<p><span style=\"color: #3366ff;\"><em>\u00a0 \u21d2RECUEIL DES CANDIDATURE Conseil de Vie Lyc\u00e9enne<\/em> <\/span><\/p>\n<p>&nbsp;<\/p>\n<p><strong><span style=\"color: #ff0000;\">&#8211; LUNDI 8 OCTOBRE\u00a0<\/span> <\/strong><\/p>\n<p><span style=\"color: #3366ff;\"><em> \u21d2\u00c9lections des \u00e9lus au Conseil de la Vie Lyc\u00e9enne dans le Hall du Lyc\u00e9e<\/em><\/span><\/p>\n<p>&nbsp;<\/p>\n<p><strong><span style=\"color: #ff0000;\">&#8211; MARDI 9 OCTOBRE de 12h \u00e0 13h &#8211; Salle 1101<\/span><\/strong><\/p>\n<p><em>\u00a0\u00a0 <span style=\"color: #3366ff;\">\u21d2\u00c9lections des repr\u00e9sentants des \u00e9l\u00e8ves aux diff\u00e9rentes instances : Conseil d&rsquo;Administration, Conseil de discipline..<\/span><\/em><span style=\"color: #3366ff;\">.<\/span><\/p>\n","protected":false},"excerpt":{"rendered":"<p>&#8211; DU 1er AU 5 OCTOBRE \u00a0 \u21d2RECUEIL DES CANDIDATURE Conseil de Vie Lyc\u00e9enne &nbsp; &#8211; LUNDI 8 OCTOBRE\u00a0 \u21d2\u00c9lections des \u00e9lus au Conseil de la Vie Lyc\u00e9enne dans le Hall du Lyc\u00e9e &nbsp; &#8211; MARDI 9 OCTOBRE de 12h \u00e0 13h &#8211; Salle 1101 \u00a0\u00a0 \u21d2\u00c9lections des repr\u00e9sentants des \u00e9l\u00e8ves aux diff\u00e9rentes instances : [&hellip;]<\/p>\n","protected":false},"author":20,"featured_media":4448,"comment_status":"closed","ping_status":"open","sticky":false,"template":"","format":"standard","meta":{"footnotes":""},"categories":[2,39],"tags":[],"class_list":["post-4447","post","type-post","status-publish","format-standard","has-post-thumbnail","hentry","category-administration","category-zbandeau"],"_links":{"self":[{"href":"https:\/\/lyceemauriac.fr\/index.php\/wp-json\/wp\/v2\/posts\/4447","targetHints":{"allow":["GET"]}}],"collection":[{"href":"https:\/\/lyceemauriac.fr\/index.php\/wp-json\/wp\/v2\/posts"}],"about":[{"href":"https:\/\/lyceemauriac.fr\/index.php\/wp-json\/wp\/v2\/types\/post"}],"author":[{"embeddable":true,"href":"https:\/\/lyceemauriac.fr\/index.php\/wp-json\/wp\/v2\/users\/20"}],"replies":[{"embeddable":true,"href":"https:\/\/lyceemauriac.fr\/index.php\/wp-json\/wp\/v2\/comments?post=4447"}],"version-history":[{"count":1,"href":"https:\/\/lyceemauriac.fr\/index.php\/wp-json\/wp\/v2\/posts\/4447\/revisions"}],"predecessor-version":[{"id":4449,"href":"https:\/\/lyceemauriac.fr\/index.php\/wp-json\/wp\/v2\/posts\/4447\/revisions\/4449"}],"wp:featuredmedia":[{"embeddable":true,"href":"https:\/\/lyceemauriac.fr\/index.php\/wp-json\/wp\/v2\/media\/4448"}],"wp:attachment":[{"href":"https:\/\/lyceemauriac.fr\/index.php\/wp-json\/wp\/v2\/media?parent=4447"}],"wp:term":[{"taxonomy":"category","embeddable":true,"href":"https:\/\/lyceemauriac.fr\/index.php\/wp-json\/wp\/v2\/categories?post=4447"},{"taxonomy":"post_tag","embeddable":true,"href":"https:\/\/lyceemauriac.fr\/index.php\/wp-json\/wp\/v2\/tags?post=4447"}],"curies":[{"name":"wp","href":"https:\/\/api.w.org\/{rel}","templated":true}]}}