{"id":4454,"date":"2018-10-05T12:52:45","date_gmt":"2018-10-05T10:52:45","guid":{"rendered":"https:\/\/lyceemauriac.fr\/?p=4454"},"modified":"2018-10-05T21:09:41","modified_gmt":"2018-10-05T19:09:41","slug":"raid-unss-championnats-academiques-soustons","status":"publish","type":"post","link":"https:\/\/lyceemauriac.fr\/index.php\/2018\/10\/05\/raid-unss-championnats-academiques-soustons\/","title":{"rendered":"Raid UNSS Championnats Acad\u00e9miques &#8211; Soustons"},"content":{"rendered":"<p>&nbsp;<\/p>\n<p>Le lyc\u00e9e Mauriac \u00e9tait repr\u00e9sent\u00e9 par une \u00e9quipe de Raid aux championnats acad\u00e9miques \u00e0 Soustons.<\/p>\n<p>Au programme, une \u00e9preuve de CO de nuit d\u00e8s le mardi soir, puis une longue journ\u00e9e le mercredi, o\u00f9 les \u00e9l\u00e8ves ont encha\u00een\u00e9 Trail, CO, VTT orientation, Cano\u00e9 et Bike and Run.<\/p>\n<p>Apr\u00e8s 6h d&rsquo;effort et pr\u00e8s de 50 kms parcourus, l&rsquo;\u00e9quipe de Mauriac a boucl\u00e9 le raid en\u00a017\u00e8me position.<\/p>\n<p>F\u00e9licitations \u00e0 Anna, Carla, Maxime et Nathan.<\/p>\n","protected":false},"excerpt":{"rendered":"<p>&nbsp; Le lyc\u00e9e Mauriac \u00e9tait repr\u00e9sent\u00e9 par une \u00e9quipe de Raid aux championnats acad\u00e9miques \u00e0 Soustons. Au programme, une \u00e9preuve de CO de nuit d\u00e8s le mardi soir, puis une longue journ\u00e9e le mercredi, o\u00f9 les \u00e9l\u00e8ves ont encha\u00een\u00e9 Trail, CO, VTT orientation, Cano\u00e9 et Bike and Run. Apr\u00e8s 6h d&rsquo;effort et pr\u00e8s de 50 [&hellip;]<\/p>\n","protected":false},"author":46,"featured_media":4455,"comment_status":"closed","ping_status":"open","sticky":false,"template":"","format":"standard","meta":{"footnotes":""},"categories":[23,39],"tags":[],"class_list":["post-4454","post","type-post","status-publish","format-standard","has-post-thumbnail","hentry","category-association_sportive","category-zbandeau"],"_links":{"self":[{"href":"https:\/\/lyceemauriac.fr\/index.php\/wp-json\/wp\/v2\/posts\/4454","targetHints":{"allow":["GET"]}}],"collection":[{"href":"https:\/\/lyceemauriac.fr\/index.php\/wp-json\/wp\/v2\/posts"}],"about":[{"href":"https:\/\/lyceemauriac.fr\/index.php\/wp-json\/wp\/v2\/types\/post"}],"author":[{"embeddable":true,"href":"https:\/\/lyceemauriac.fr\/index.php\/wp-json\/wp\/v2\/users\/46"}],"replies":[{"embeddable":true,"href":"https:\/\/lyceemauriac.fr\/index.php\/wp-json\/wp\/v2\/comments?post=4454"}],"version-history":[{"count":2,"href":"https:\/\/lyceemauriac.fr\/index.php\/wp-json\/wp\/v2\/posts\/4454\/revisions"}],"predecessor-version":[{"id":4457,"href":"https:\/\/lyceemauriac.fr\/index.php\/wp-json\/wp\/v2\/posts\/4454\/revisions\/4457"}],"wp:featuredmedia":[{"embeddable":true,"href":"https:\/\/lyceemauriac.fr\/index.php\/wp-json\/wp\/v2\/media\/4455"}],"wp:attachment":[{"href":"https:\/\/lyceemauriac.fr\/index.php\/wp-json\/wp\/v2\/media?parent=4454"}],"wp:term":[{"taxonomy":"category","embeddable":true,"href":"https:\/\/lyceemauriac.fr\/index.php\/wp-json\/wp\/v2\/categories?post=4454"},{"taxonomy":"post_tag","embeddable":true,"href":"https:\/\/lyceemauriac.fr\/index.php\/wp-json\/wp\/v2\/tags?post=4454"}],"curies":[{"name":"wp","href":"https:\/\/api.w.org\/{rel}","templated":true}]}}