{"id":4592,"date":"2018-11-23T17:06:19","date_gmt":"2018-11-23T16:06:19","guid":{"rendered":"https:\/\/lyceemauriac.fr\/?p=4592"},"modified":"2018-11-23T17:17:24","modified_gmt":"2018-11-23T16:17:24","slug":"remise-des-diplomes-bts-nrc-aux-etudiants-de-la-promotion-2016-2018","status":"publish","type":"post","link":"https:\/\/lyceemauriac.fr\/index.php\/2018\/11\/23\/remise-des-diplomes-bts-nrc-aux-etudiants-de-la-promotion-2016-2018\/","title":{"rendered":"Remise des dipl\u00f4mes BTS NRC aux \u00e9tudiants de la promotion 2016\/2018"},"content":{"rendered":"<p>2 ans de travail r\u00e9compens\u00e9s hier soir pour les dipl\u00f4m\u00e9s de la session 2018, retour dans la salle polyvalente pour la c\u00e9r\u00e9monie au lyc\u00e9e, puis d\u00eener au restaurant.<br \/>\nL&rsquo;occasion de conna\u00eetre pr\u00e9cis\u00e9ment les nouvelles activit\u00e9s des anciens \u00e9tudiants manifestement tr\u00e8s enthousiastes : emplois commerciaux ou poursuites d&rsquo;\u00e9tudes, par exemple en Licence professionnelle D\u00e9veloppement commercial, formation en \u00e9conomie et finance, esth\u00e9tique ou immobilier&#8230;<br \/>\n<img loading=\"lazy\" decoding=\"async\" class=\"aligncenter wp-image-4594 size-large\" src=\"https:\/\/lyceemauriac.fr\/wp-content\/uploads\/2018\/11\/Remise-diplomes-22.11-1-1024x671.jpg\" alt=\"\" width=\"640\" height=\"419\" srcset=\"https:\/\/lyceemauriac.fr\/wp-content\/uploads\/2018\/11\/Remise-diplomes-22.11-1-1024x671.jpg 1024w, https:\/\/lyceemauriac.fr\/wp-content\/uploads\/2018\/11\/Remise-diplomes-22.11-1-200x131.jpg 200w, https:\/\/lyceemauriac.fr\/wp-content\/uploads\/2018\/11\/Remise-diplomes-22.11-1-768x503.jpg 768w, https:\/\/lyceemauriac.fr\/wp-content\/uploads\/2018\/11\/Remise-diplomes-22.11-1-370x243.jpg 370w, https:\/\/lyceemauriac.fr\/wp-content\/uploads\/2018\/11\/Remise-diplomes-22.11-1.jpg 1141w\" sizes=\"auto, (max-width: 640px) 100vw, 640px\" \/><\/p>\n<p><img loading=\"lazy\" decoding=\"async\" class=\"aligncenter wp-image-4593 size-full\" src=\"https:\/\/lyceemauriac.fr\/wp-content\/uploads\/2018\/11\/Remise-diplomes-22.11-4.jpg\" alt=\"\" width=\"642\" height=\"658\" srcset=\"https:\/\/lyceemauriac.fr\/wp-content\/uploads\/2018\/11\/Remise-diplomes-22.11-4.jpg 642w, https:\/\/lyceemauriac.fr\/wp-content\/uploads\/2018\/11\/Remise-diplomes-22.11-4-195x200.jpg 195w, https:\/\/lyceemauriac.fr\/wp-content\/uploads\/2018\/11\/Remise-diplomes-22.11-4-244x250.jpg 244w\" sizes=\"auto, (max-width: 642px) 100vw, 642px\" \/><\/p>\n","protected":false},"excerpt":{"rendered":"<p>2 ans de travail r\u00e9compens\u00e9s hier soir pour les dipl\u00f4m\u00e9s de la session 2018, retour dans la salle polyvalente pour la c\u00e9r\u00e9monie au lyc\u00e9e, puis d\u00eener au restaurant. L&rsquo;occasion de conna\u00eetre pr\u00e9cis\u00e9ment les nouvelles activit\u00e9s des anciens \u00e9tudiants manifestement tr\u00e8s enthousiastes : emplois commerciaux ou poursuites d&rsquo;\u00e9tudes, par exemple en Licence professionnelle D\u00e9veloppement commercial, formation [&hellip;]<\/p>\n","protected":false},"author":23,"featured_media":4594,"comment_status":"closed","ping_status":"open","sticky":false,"template":"","format":"standard","meta":{"footnotes":""},"categories":[32],"tags":[],"class_list":["post-4592","post","type-post","status-publish","format-standard","has-post-thumbnail","hentry","category-bts_nrc"],"_links":{"self":[{"href":"https:\/\/lyceemauriac.fr\/index.php\/wp-json\/wp\/v2\/posts\/4592","targetHints":{"allow":["GET"]}}],"collection":[{"href":"https:\/\/lyceemauriac.fr\/index.php\/wp-json\/wp\/v2\/posts"}],"about":[{"href":"https:\/\/lyceemauriac.fr\/index.php\/wp-json\/wp\/v2\/types\/post"}],"author":[{"embeddable":true,"href":"https:\/\/lyceemauriac.fr\/index.php\/wp-json\/wp\/v2\/users\/23"}],"replies":[{"embeddable":true,"href":"https:\/\/lyceemauriac.fr\/index.php\/wp-json\/wp\/v2\/comments?post=4592"}],"version-history":[{"count":3,"href":"https:\/\/lyceemauriac.fr\/index.php\/wp-json\/wp\/v2\/posts\/4592\/revisions"}],"predecessor-version":[{"id":4599,"href":"https:\/\/lyceemauriac.fr\/index.php\/wp-json\/wp\/v2\/posts\/4592\/revisions\/4599"}],"wp:featuredmedia":[{"embeddable":true,"href":"https:\/\/lyceemauriac.fr\/index.php\/wp-json\/wp\/v2\/media\/4594"}],"wp:attachment":[{"href":"https:\/\/lyceemauriac.fr\/index.php\/wp-json\/wp\/v2\/media?parent=4592"}],"wp:term":[{"taxonomy":"category","embeddable":true,"href":"https:\/\/lyceemauriac.fr\/index.php\/wp-json\/wp\/v2\/categories?post=4592"},{"taxonomy":"post_tag","embeddable":true,"href":"https:\/\/lyceemauriac.fr\/index.php\/wp-json\/wp\/v2\/tags?post=4592"}],"curies":[{"name":"wp","href":"https:\/\/api.w.org\/{rel}","templated":true}]}}