{"id":496,"date":"2017-01-05T15:26:48","date_gmt":"2017-01-05T14:26:48","guid":{"rendered":"https:\/\/lyceemauriac.fr\/?p=496"},"modified":"2017-01-05T15:26:48","modified_gmt":"2017-01-05T14:26:48","slug":"voyage-a-barcelone","status":"publish","type":"post","link":"https:\/\/lyceemauriac.fr\/index.php\/2017\/01\/05\/voyage-a-barcelone\/","title":{"rendered":"Voyage \u00e0 Barcelone"},"content":{"rendered":"<p>Apr\u00e8s les vacances de f\u00e9vrier, du 06 au 10 mars, 38 \u00e9l\u00e8ves de premi\u00e8re et terminale des options Arts Plastiques et Histoire des Arts partiront \u00e0 Barcelone, pour une semaine de visite autour de Gaudi, Picasso, Miro, Dali&#8230;<\/p>\n","protected":false},"excerpt":{"rendered":"<p>Apr\u00e8s les vacances de f\u00e9vrier, du 06 au 10 mars, 38 \u00e9l\u00e8ves de premi\u00e8re et terminale des options Arts Plastiques et Histoire des Arts partiront \u00e0 Barcelone, pour une semaine de visite autour de Gaudi, Picasso, Miro, Dali&#8230;<\/p>\n","protected":false},"author":9,"featured_media":497,"comment_status":"closed","ping_status":"open","sticky":false,"template":"","format":"standard","meta":{"footnotes":""},"categories":[21],"tags":[],"class_list":["post-496","post","type-post","status-publish","format-standard","has-post-thumbnail","hentry","category-culture"],"_links":{"self":[{"href":"https:\/\/lyceemauriac.fr\/index.php\/wp-json\/wp\/v2\/posts\/496","targetHints":{"allow":["GET"]}}],"collection":[{"href":"https:\/\/lyceemauriac.fr\/index.php\/wp-json\/wp\/v2\/posts"}],"about":[{"href":"https:\/\/lyceemauriac.fr\/index.php\/wp-json\/wp\/v2\/types\/post"}],"author":[{"embeddable":true,"href":"https:\/\/lyceemauriac.fr\/index.php\/wp-json\/wp\/v2\/users\/9"}],"replies":[{"embeddable":true,"href":"https:\/\/lyceemauriac.fr\/index.php\/wp-json\/wp\/v2\/comments?post=496"}],"version-history":[{"count":1,"href":"https:\/\/lyceemauriac.fr\/index.php\/wp-json\/wp\/v2\/posts\/496\/revisions"}],"predecessor-version":[{"id":498,"href":"https:\/\/lyceemauriac.fr\/index.php\/wp-json\/wp\/v2\/posts\/496\/revisions\/498"}],"wp:featuredmedia":[{"embeddable":true,"href":"https:\/\/lyceemauriac.fr\/index.php\/wp-json\/wp\/v2\/media\/497"}],"wp:attachment":[{"href":"https:\/\/lyceemauriac.fr\/index.php\/wp-json\/wp\/v2\/media?parent=496"}],"wp:term":[{"taxonomy":"category","embeddable":true,"href":"https:\/\/lyceemauriac.fr\/index.php\/wp-json\/wp\/v2\/categories?post=496"},{"taxonomy":"post_tag","embeddable":true,"href":"https:\/\/lyceemauriac.fr\/index.php\/wp-json\/wp\/v2\/tags?post=496"}],"curies":[{"name":"wp","href":"https:\/\/api.w.org\/{rel}","templated":true}]}}