{"id":4981,"date":"2019-01-09T11:08:40","date_gmt":"2019-01-09T10:08:40","guid":{"rendered":"https:\/\/lyceemauriac.fr\/?p=4981"},"modified":"2020-03-26T18:46:06","modified_gmt":"2020-03-26T17:46:06","slug":"les-201-candidats-au-concours-scienceinfostream","status":"publish","type":"post","link":"https:\/\/lyceemauriac.fr\/index.php\/2019\/01\/09\/les-201-candidats-au-concours-scienceinfostream\/","title":{"rendered":"Les 201 candidats au concours #ScienceInfoStream"},"content":{"rendered":"<p>Chaque ann\u00e9e, la tr\u00e8s s\u00e9rieuse <a href=\"https:\/\/www.societe-informatique-de-france.fr\/\">Soci\u00e9t\u00e9 Informatique de France<\/a> organise un concours vid\u00e9o o\u00f9 les participants doivent, sur une dur\u00e9e comprise entre 2^7 et 2^8 secondes (bienvenue chez les informaticiens) illustrer un th\u00e8me actuel de science informatique.<\/p>\n<p>D\u00e9fi relev\u00e9 haut la main par les \u00e9l\u00e8ves de Seconde 1 (suivant l&rsquo;enseignement d&rsquo;exploration Informatique et Cr\u00e9ation Num\u00e9rique).<\/p>\n<p>Gr\u00e2ce au mat\u00e9riel pr\u00eat\u00e9 par M. Perry, quelques sc\u00e8nes ont \u00e9t\u00e9 tourn\u00e9es au mois de d\u00e9cembre, avec comme acteurs principaux Rania Z., Thomas R. et Youssef Z. (et Tux, une peluche-pingouin). Le sc\u00e9nario, que nous vous laissons d\u00e9couvrir, illustre de mani\u00e8re&#8230; d\u00e9cal\u00e9e le concept robotique de manipulation \u00e0 distance sur robots clon\u00e9s (concept actuellement utilis\u00e9 en t\u00e9l\u00e9-m\u00e9decine, par exemple)<\/p>\n<p>Durant les vacances de No\u00ebl,\u00a0 quatre \u00e9l\u00e8ves volontaires se sont empar\u00e9s des rushs pour r\u00e9aliser un montage.<\/p>\n<p>Une totale libert\u00e9 leur avait \u00e9t\u00e9 laiss\u00e9e sur le style du montage, et comme vous allez le voir, ils en ont bien profit\u00e9 !<\/p>\n<p>Les \u00e9l\u00e8ves et leur enseignant ont choisi la vid\u00e9o (tr\u00e8s dynamique !)\u00a0 r\u00e9alis\u00e9e par le talentueux Yacine Limani. Les laur\u00e9ats de ce concours seront annonc\u00e9s lors du congr\u00e8s national de la Soci\u00e9t\u00e9 Informatique de France, le 06 f\u00e9vrier.<\/p>\n<p><iframe loading=\"lazy\" src=\"https:\/\/www.youtube.com\/embed\/vvmt2GVFTmE\" width=\"896\" height=\"504\" frameborder=\"0\" allowfullscreen=\"allowfullscreen\"><\/iframe><\/p>\n<p>Vous pourrez aussi appr\u00e9cier l&rsquo;excellent travail r\u00e9alis\u00e9 par Marlo Boisseau :<\/p>\n<p><video width=\"400\" controls src=\"https:\/\/lyceemauriac.fr\/video\/montage_Marlo.mp4\"><\/video><\/p>\n<p>Ainsi que le tout aussi excellent montage d&rsquo;Arthur MacDonald :<\/p>\n<p><video width=\"400\" controls src=\"https:\/\/lyceemauriac.fr\/video\/montage_Arthur.mp4\"><\/video><\/p>\n<p>Le choix a \u00e9t\u00e9 difficile&#8230;<\/p>\n<p>F\u00e9licitations \u00e0 tous les \u00e9l\u00e8ves pour leur engagement, et bon courage pour le concours !<\/p>\n","protected":false},"excerpt":{"rendered":"<p>Chaque ann\u00e9e, la tr\u00e8s s\u00e9rieuse Soci\u00e9t\u00e9 Informatique de France organise un concours vid\u00e9o o\u00f9 les participants doivent, sur une dur\u00e9e comprise entre 2^7 et 2^8 secondes (bienvenue chez les informaticiens) illustrer un th\u00e8me actuel de science informatique. D\u00e9fi relev\u00e9 haut la main par les \u00e9l\u00e8ves de Seconde 1 (suivant l&rsquo;enseignement d&rsquo;exploration Informatique et Cr\u00e9ation Num\u00e9rique). [&hellip;]<\/p>\n","protected":false},"author":2,"featured_media":4987,"comment_status":"closed","ping_status":"open","sticky":false,"template":"","format":"standard","meta":{"footnotes":""},"categories":[46],"tags":[],"class_list":["post-4981","post","type-post","status-publish","format-standard","has-post-thumbnail","hentry","category-icn"],"_links":{"self":[{"href":"https:\/\/lyceemauriac.fr\/index.php\/wp-json\/wp\/v2\/posts\/4981","targetHints":{"allow":["GET"]}}],"collection":[{"href":"https:\/\/lyceemauriac.fr\/index.php\/wp-json\/wp\/v2\/posts"}],"about":[{"href":"https:\/\/lyceemauriac.fr\/index.php\/wp-json\/wp\/v2\/types\/post"}],"author":[{"embeddable":true,"href":"https:\/\/lyceemauriac.fr\/index.php\/wp-json\/wp\/v2\/users\/2"}],"replies":[{"embeddable":true,"href":"https:\/\/lyceemauriac.fr\/index.php\/wp-json\/wp\/v2\/comments?post=4981"}],"version-history":[{"count":11,"href":"https:\/\/lyceemauriac.fr\/index.php\/wp-json\/wp\/v2\/posts\/4981\/revisions"}],"predecessor-version":[{"id":6569,"href":"https:\/\/lyceemauriac.fr\/index.php\/wp-json\/wp\/v2\/posts\/4981\/revisions\/6569"}],"wp:featuredmedia":[{"embeddable":true,"href":"https:\/\/lyceemauriac.fr\/index.php\/wp-json\/wp\/v2\/media\/4987"}],"wp:attachment":[{"href":"https:\/\/lyceemauriac.fr\/index.php\/wp-json\/wp\/v2\/media?parent=4981"}],"wp:term":[{"taxonomy":"category","embeddable":true,"href":"https:\/\/lyceemauriac.fr\/index.php\/wp-json\/wp\/v2\/categories?post=4981"},{"taxonomy":"post_tag","embeddable":true,"href":"https:\/\/lyceemauriac.fr\/index.php\/wp-json\/wp\/v2\/tags?post=4981"}],"curies":[{"name":"wp","href":"https:\/\/api.w.org\/{rel}","templated":true}]}}