{"id":4997,"date":"2019-01-11T16:08:23","date_gmt":"2019-01-11T15:08:23","guid":{"rendered":"https:\/\/lyceemauriac.fr\/?p=4997"},"modified":"2019-01-11T16:17:22","modified_gmt":"2019-01-11T15:17:22","slug":"trail-de-bouliac","status":"publish","type":"post","link":"https:\/\/lyceemauriac.fr\/index.php\/2019\/01\/11\/trail-de-bouliac\/","title":{"rendered":"TRAIL DE BOULIAC"},"content":{"rendered":"<p>Les personnels du lyc\u00e9e Fran\u00e7ois Mauriac (enseignants, non enseignants et de direction) ont \u00e9t\u00e9 mobilis\u00e9s pour le trail du TELETHON de BOULIAC le samedi 8 d\u00e9cembre 2018 (10km ou 20km).<br \/>\nA noter les excellentes performances de M. SERRET 1H33min58s et de M. BORDA 1H41min29s.<\/p>\n<p>&nbsp;<\/p>\n","protected":false},"excerpt":{"rendered":"<p>Les personnels du lyc\u00e9e Fran\u00e7ois Mauriac (enseignants, non enseignants et de direction) ont \u00e9t\u00e9 mobilis\u00e9s pour le trail du TELETHON de BOULIAC le samedi 8 d\u00e9cembre 2018 (10km ou 20km). A noter les excellentes performances de M. SERRET 1H33min58s et de M. BORDA 1H41min29s. &nbsp;<\/p>\n","protected":false},"author":20,"featured_media":5002,"comment_status":"closed","ping_status":"open","sticky":false,"template":"","format":"standard","meta":{"footnotes":""},"categories":[2,1],"tags":[],"class_list":["post-4997","post","type-post","status-publish","format-standard","has-post-thumbnail","hentry","category-administration","category-non-classe"],"_links":{"self":[{"href":"https:\/\/lyceemauriac.fr\/index.php\/wp-json\/wp\/v2\/posts\/4997","targetHints":{"allow":["GET"]}}],"collection":[{"href":"https:\/\/lyceemauriac.fr\/index.php\/wp-json\/wp\/v2\/posts"}],"about":[{"href":"https:\/\/lyceemauriac.fr\/index.php\/wp-json\/wp\/v2\/types\/post"}],"author":[{"embeddable":true,"href":"https:\/\/lyceemauriac.fr\/index.php\/wp-json\/wp\/v2\/users\/20"}],"replies":[{"embeddable":true,"href":"https:\/\/lyceemauriac.fr\/index.php\/wp-json\/wp\/v2\/comments?post=4997"}],"version-history":[{"count":3,"href":"https:\/\/lyceemauriac.fr\/index.php\/wp-json\/wp\/v2\/posts\/4997\/revisions"}],"predecessor-version":[{"id":5001,"href":"https:\/\/lyceemauriac.fr\/index.php\/wp-json\/wp\/v2\/posts\/4997\/revisions\/5001"}],"wp:featuredmedia":[{"embeddable":true,"href":"https:\/\/lyceemauriac.fr\/index.php\/wp-json\/wp\/v2\/media\/5002"}],"wp:attachment":[{"href":"https:\/\/lyceemauriac.fr\/index.php\/wp-json\/wp\/v2\/media?parent=4997"}],"wp:term":[{"taxonomy":"category","embeddable":true,"href":"https:\/\/lyceemauriac.fr\/index.php\/wp-json\/wp\/v2\/categories?post=4997"},{"taxonomy":"post_tag","embeddable":true,"href":"https:\/\/lyceemauriac.fr\/index.php\/wp-json\/wp\/v2\/tags?post=4997"}],"curies":[{"name":"wp","href":"https:\/\/api.w.org\/{rel}","templated":true}]}}